{"id":52,"name":"Emmanuel Torres","url":"","description":"Graduado de un Bachillerato en Bellas Artes de la Universidad de Puerto Rico - Recinto de R\u00edo Piedras. Su producci\u00f3n art\u00edstica se concentra en disciplinas que van desde el grabado, la pintura, el performance a la m\u00fasica y el sonido. Ha protagonizado tres exhibiciones individuales, en Thomas Center Galleries (Florida), El cuadrado Gris (San Juan), y la Galer\u00eda 209 de la UPR R\u00edo Piedras. Cuenta con varias participaciones internacionales en Jap\u00f3n, San Francisco, California y Gainesville, Florida.","link":"https:\/\/humanidades.uprrp.edu\/visiondoble\/author\/etorres\/","slug":"etorres","avatar_urls":{"24":"https:\/\/secure.gravatar.com\/avatar\/78b3747e52b4920260a461e513d485ba9412ccfb6814e82c50d5ab65a1819633?s=24&d=mm&r=g","48":"https:\/\/secure.gravatar.com\/avatar\/78b3747e52b4920260a461e513d485ba9412ccfb6814e82c50d5ab65a1819633?s=48&d=mm&r=g","96":"https:\/\/secure.gravatar.com\/avatar\/78b3747e52b4920260a461e513d485ba9412ccfb6814e82c50d5ab65a1819633?s=96&d=mm&r=g"},"meta":[],"_links":{"self":[{"href":"https:\/\/humanidades.uprrp.edu\/visiondoble\/wp-json\/wp\/v2\/users\/52","targetHints":{"allow":["GET"]}}],"collection":[{"href":"https:\/\/humanidades.uprrp.edu\/visiondoble\/wp-json\/wp\/v2\/users"}]}}