{"id":5829,"date":"2018-08-15T00:00:59","date_gmt":"2018-08-15T04:00:59","guid":{"rendered":"http:\/\/humanidades.uprrp.edu\/visiondoble\/?p=5829"},"modified":"2022-03-16T08:13:01","modified_gmt":"2022-03-16T12:13:01","slug":"tres-grandes-historiadores-del-arte","status":"publish","type":"post","link":"https:\/\/humanidades.uprrp.edu\/visiondoble\/tres-grandes-historiadores-del-arte\/","title":{"rendered":"Tres grandes historiadores del arte"},"content":{"rendered":"<p style=\"text-align: right;\"><span style=\"font-family: arial, helvetica, sans-serif; font-size: 120%;\">Texto completo \/ Full text<\/span><br \/>\n<strong><span style=\"font-family: arial, helvetica, sans-serif; font-size: 120%;\"><a href=\"https:\/\/drive.google.com\/file\/d\/1c-tWKJrETHW9J5-1CivC8cJtyvrXZjt4\/view?usp=sharing\">PDF<\/a> \/ <a href=\"https:\/\/drive.google.com\/file\/d\/14LeDBaHKFkfZxDb-etKygD56dSgCSxJ7\/view?usp=sharing\">ePUB<\/a><\/span><\/strong><\/p>\n<p><span style=\"font-family: arial, helvetica, sans-serif; font-size: 120%;\"><strong>T\u00edtulo:<\/strong> Tres grandes historiadores del arte<\/span><br \/>\n<span style=\"font-family: arial, helvetica, sans-serif; font-size: 120%;\"><strong>Title:<\/strong> Three Great Art Historians<\/span><\/p>\n<p><span style=\"font-family: arial, helvetica, sans-serif; font-size: 120%;\"><strong>Autor \/ Author:<\/strong> Indira de Choudens<\/span><br \/>\n<span style=\"font-family: arial, helvetica, sans-serif; font-size: 120%;\">Profesora y Bibliotecaria, Programa de Historia del Arte, Universidad de Puerto Rico, Recinto de R\u00edo Piedras<\/span><\/p>\n<p><span style=\"font-family: arial, helvetica, sans-serif; font-size: 120%;\"><strong>Resumen:<\/strong> Los recientes meses se han cobrado cuantiosas p\u00e9rdidas materiales y personales en Puerto Rico. El Programa de Historia del Arte de la Universidad de Puerto Rico ha sufrido tambi\u00e9n una dolorosa e inesperada ausencia de capital humano: tres grandes historiadores del arte partieron, dejando, eso s\u00ed, un legado invaluable para esta disciplina.<\/span><\/p>\n<p><span style=\"font-family: arial, helvetica, sans-serif; font-size: 120%;\"><strong>Abstract:<\/strong> In recent months, there have been substantial material and personal losses in Puerto Rico. The Art History Program of the University of Puerto Rico has also suffered a painful and unexpected absence of human capital: three great art historians passed away, leaving us an invaluable legacy for this discipline.<\/span><\/p>\n<p><span style=\"font-family: arial, helvetica, sans-serif; font-size: 120%;\"><strong>Palabras clave:<\/strong> Arturo D\u00e1vila, Enrique Garc\u00eda Guti\u00e9rrez, Historia del Arte, Mar\u00eda del Pilar Gonz\u00e1lez Lamela, Programa de Historia del Arte, Universidad de Puerto Rico \u2013 Recinto de R\u00edo Piedras, Indira de Choudens<\/span><br \/>\n<span style=\"font-family: arial, helvetica, sans-serif; font-size: 120%;\"><strong>Keywords:<\/strong> Arturo D\u00e1vila, Enrique Garc\u00eda Guti\u00e9rrez, Art History, Mar\u00eda del Pilar Gonz\u00e1lez Lamela, History of Art Program, University of Puerto Rico- R\u00edo Piedras Campus, Indira de Choudens<\/span><\/p>\n<p><span style=\"font-family: arial, helvetica, sans-serif; font-size: 120%;\"><strong>Secci\u00f3n:<\/strong> Obras \/ Section: Artworks<\/span><\/p>\n<p><span style=\"font-family: arial, helvetica, sans-serif; font-size: 120%;\"><strong>Publicaci\u00f3n:<\/strong> 15 de agosto de 2018<\/span><\/p>\n<p><strong><span style=\"font-family: arial, helvetica, sans-serif; font-size: 120%;\">Cita recomendada:<\/span><\/strong><br \/>\n<span style=\"font-family: arial, helvetica, sans-serif; font-size: 120%;\">de Choudens, Indira. \u201cTres grandes historiadores del arte.\u201d <em>Visi\u00f3n Doble: Revista de Cr\u00edtica e Historia del Arte<\/em>, 15 de agosto de 2018, humanidades.uprrp.edu\/visiondoble<\/span><\/p>\n","protected":false},"excerpt":{"rendered":"<p>Resumen: Los recientes meses se han cobrado cuantiosas p\u00e9rdidas materiales y personales en Puerto Rico. El Programa de Historia del Arte de la Universidad de Puerto Rico ha sufrido tambi\u00e9n una dolorosa e inesperada ausencia de capital humano: tres grandes historiadores del arte partieron, dejando, eso s\u00ed, un legado invaluable para esta disciplina.<\/p>\n<p>Abstract: In recent months, there have been substantial material and personal losses in Puerto Rico. The Art History Program of the University of Puerto Rico has also suffered a painful and unexpected absence of human capital: three great art historians passed away, leaving us an invaluable legacy for this discipline.<\/p>\n","protected":false},"author":59,"featured_media":5830,"comment_status":"closed","ping_status":"closed","sticky":false,"template":"","format":"standard","meta":{"footnotes":""},"categories":[5],"tags":[1809,1186,1923,1806,1926,1092,1924,1925,1445,1446],"class_list":["post-5829","post","type-post","status-publish","format-standard","has-post-thumbnail","hentry","category-obras","tag-art-history","tag-arturo-davila","tag-enrique-garcia-gutierrez","tag-historia-del-arte","tag-history-of-art-program","tag-indira-de-choudens","tag-maria-del-pilar-gonzalez-lamela","tag-programa-de-historia-del-arte","tag-universidad-de-puerto-rico-recinto-de-rio-piedras","tag-university-of-puerto-rico-rio-piedras-campus"],"_links":{"self":[{"href":"https:\/\/humanidades.uprrp.edu\/visiondoble\/wp-json\/wp\/v2\/posts\/5829","targetHints":{"allow":["GET"]}}],"collection":[{"href":"https:\/\/humanidades.uprrp.edu\/visiondoble\/wp-json\/wp\/v2\/posts"}],"about":[{"href":"https:\/\/humanidades.uprrp.edu\/visiondoble\/wp-json\/wp\/v2\/types\/post"}],"author":[{"embeddable":true,"href":"https:\/\/humanidades.uprrp.edu\/visiondoble\/wp-json\/wp\/v2\/users\/59"}],"replies":[{"embeddable":true,"href":"https:\/\/humanidades.uprrp.edu\/visiondoble\/wp-json\/wp\/v2\/comments?post=5829"}],"version-history":[{"count":1,"href":"https:\/\/humanidades.uprrp.edu\/visiondoble\/wp-json\/wp\/v2\/posts\/5829\/revisions"}],"predecessor-version":[{"id":5831,"href":"https:\/\/humanidades.uprrp.edu\/visiondoble\/wp-json\/wp\/v2\/posts\/5829\/revisions\/5831"}],"wp:featuredmedia":[{"embeddable":true,"href":"https:\/\/humanidades.uprrp.edu\/visiondoble\/wp-json\/wp\/v2\/media\/5830"}],"wp:attachment":[{"href":"https:\/\/humanidades.uprrp.edu\/visiondoble\/wp-json\/wp\/v2\/media?parent=5829"}],"wp:term":[{"taxonomy":"category","embeddable":true,"href":"https:\/\/humanidades.uprrp.edu\/visiondoble\/wp-json\/wp\/v2\/categories?post=5829"},{"taxonomy":"post_tag","embeddable":true,"href":"https:\/\/humanidades.uprrp.edu\/visiondoble\/wp-json\/wp\/v2\/tags?post=5829"}],"curies":[{"name":"wp","href":"https:\/\/api.w.org\/{rel}","templated":true}]}}