{"id":5788,"date":"2018-08-15T00:00:55","date_gmt":"2018-08-15T04:00:55","guid":{"rendered":"http:\/\/humanidades.uprrp.edu\/visiondoble\/?p=5788"},"modified":"2022-03-15T22:24:39","modified_gmt":"2022-03-16T02:24:39","slug":"aqui-queering-architectural-space-through-site-based-posters","status":"publish","type":"post","link":"https:\/\/humanidades.uprrp.edu\/visiondoble\/aqui-queering-architectural-space-through-site-based-posters\/","title":{"rendered":"AQU\u00cd: Queering Architectural Space through Site-Based Posters"},"content":{"rendered":"<p style=\"text-align: right;\"><strong><span style=\"font-family: arial, helvetica, sans-serif; font-size: 120%;\">Texto completo \/ Full text<\/span><\/strong><br \/>\n<span style=\"font-family: arial, helvetica, sans-serif; font-size: 120%;\"><strong><a href=\"https:\/\/drive.google.com\/file\/d\/1TS-Qkb0dL21unCFuVyLxGU8Gp2Jsh6Vw\/view?usp=sharing\">PDF<\/a><\/strong> \/ <strong><a href=\"https:\/\/drive.google.com\/file\/d\/1QInBsM5Xt5SjrBVx0KlXnHdijqmAXOZt\/view?usp=sharing\">ePUB<\/a><\/strong><\/span><\/p>\n<p><span style=\"font-family: arial, helvetica, sans-serif; font-size: 120%;\"><strong>T\u00edtulo:<\/strong> <em>AQU\u00cd<\/em>: El \u201cQueering\u201d de Espacios Arquitect\u00f3nicos a trav\u00e9s de Afiches In-Situ<\/span><br \/>\n<span style=\"font-family: arial, helvetica, sans-serif; font-size: 120%;\"><strong>Title:<\/strong> <em>AQU\u00cd<\/em>: Queering Architectural Space through Site-Based Posters<\/span><\/p>\n<p><span style=\"font-family: arial, helvetica, sans-serif; font-size: 120%;\"><strong>Autor \/ Author:<\/strong> Regner Ramos<\/span><br \/>\n<span style=\"font-family: arial, helvetica, sans-serif; font-size: 120%;\">Profesor, Escuela de Arquitectura, Universidad de Puerto Rico, Recinto de R\u00edo Piedras<\/span><\/p>\n<p><span style=\"font-family: arial, helvetica, sans-serif; font-size: 120%;\"><strong>Resumen:<\/strong> <em>AQU\u00cd<\/em> fue un evento de dise\u00f1o sobre place-making, que se llev\u00f3 a cabo el 11 de junio de 2018, en la Escuela de Arquitectura de la Universidad de Puerto Rico. Este recibi\u00f3 a miembros y aliados de la comunidad LGBTQ, con el prop\u00f3sito de crear una serie de afiches in-situ que afirmaran la presencia de identidades queer en espacios f\u00edsicos, y reclamaran un espacio para ellos en nuestro entorno construido. <\/span><\/p>\n<p><span style=\"font-family: arial, helvetica, sans-serif; font-size: 120%;\"><strong>Abstract:<\/strong> <em>AQU\u00cd<\/em> was a design-based placemaking event that took place on June 11, 2018, at the University of Puerto Rico, R\u00edo Piedras Campus, School of Architecture. It welcomed members and allies of the LGBTQ community to create a series of site-based posters that asserted the presence of queer identities in physical places and claimed a space for them in our built environment.<\/span><\/p>\n<p><span style=\"font-family: arial, helvetica, sans-serif; font-size: 120%;\"><strong>Palabras clave:<\/strong> Arquitectura, Espacio queer, Place-making, Site-Writing, Urbanismo, Regner Ramos<\/span><br \/>\n<span style=\"font-family: arial, helvetica, sans-serif; font-size: 120%;\"><strong>Keywords:<\/strong> Architecture, Placemaking, Queer Space, Site-Writing, Urbanism, Regner Ramos<\/span><\/p>\n<p><span style=\"font-family: arial, helvetica, sans-serif; font-size: 120%;\"><strong>Secci\u00f3n:<\/strong> English \/ <strong>Section:<\/strong> English<\/span><\/p>\n<p><span style=\"font-family: arial, helvetica, sans-serif; font-size: 120%;\"><strong>Publicaci\u00f3n:<\/strong> 15 de agosto de 2018<\/span><\/p>\n<p><strong><span style=\"font-family: arial, helvetica, sans-serif; font-size: 120%;\">Cita recomendada:<\/span><\/strong><br \/>\n<span style=\"font-family: arial, helvetica, sans-serif; font-size: 120%;\">Ramos, Regner. \u201cAQU\u00cd: Queering Architectural Space through Site-Based Posters.\u201d <em>Visi\u00f3n Doble: Revista de Cr\u00edtica e Historia del Arte<\/em>, 15 de agosto de 2018, humanidades.uprrp.edu\/visiondoble<\/span><\/p>\n","protected":false},"excerpt":{"rendered":"<p>Resumen: AQU\u00cd fue un evento de dise\u00f1o sobre place-making, que se llev\u00f3 a cabo el 11 de junio de 2018, en la Escuela de Arquitectura de la Universidad de Puerto Rico. Este recibi\u00f3 a miembros y aliados de la comunidad LGBTQ, con el prop\u00f3sito de crear una serie de afiches in-situ que afirmaran la presencia de identidades queer en espacios f\u00edsicos, y reclamaran un espacio para ellos en nuestro entorno construido.<\/p>\n<p>Abstract: AQU\u00cd was a design-based placemaking event that took place on June 11, 2018, at the University of Puerto Rico, R\u00edo Piedras Campus, School of Architecture. It welcomed members and allies of the LGBTQ community to create a series of site-based posters that asserted the presence of queer identities in physical places and claimed a space for them in our built environment.<\/p>\n","protected":false},"author":108,"featured_media":5786,"comment_status":"closed","ping_status":"closed","sticky":false,"template":"","format":"standard","meta":{"footnotes":""},"categories":[9],"tags":[487,484,1863,1864,1867,1868,1866,1865,1554,1552],"class_list":["post-5788","post","type-post","status-publish","format-standard","has-post-thumbnail","hentry","category-front","tag-architecture","tag-arquitectura","tag-espacio-queer","tag-place-making","tag-placemaking","tag-queer-space","tag-regner-ramos","tag-site-writing","tag-urbanism","tag-urbanismo"],"_links":{"self":[{"href":"https:\/\/humanidades.uprrp.edu\/visiondoble\/wp-json\/wp\/v2\/posts\/5788","targetHints":{"allow":["GET"]}}],"collection":[{"href":"https:\/\/humanidades.uprrp.edu\/visiondoble\/wp-json\/wp\/v2\/posts"}],"about":[{"href":"https:\/\/humanidades.uprrp.edu\/visiondoble\/wp-json\/wp\/v2\/types\/post"}],"author":[{"embeddable":true,"href":"https:\/\/humanidades.uprrp.edu\/visiondoble\/wp-json\/wp\/v2\/users\/108"}],"replies":[{"embeddable":true,"href":"https:\/\/humanidades.uprrp.edu\/visiondoble\/wp-json\/wp\/v2\/comments?post=5788"}],"version-history":[{"count":1,"href":"https:\/\/humanidades.uprrp.edu\/visiondoble\/wp-json\/wp\/v2\/posts\/5788\/revisions"}],"predecessor-version":[{"id":5789,"href":"https:\/\/humanidades.uprrp.edu\/visiondoble\/wp-json\/wp\/v2\/posts\/5788\/revisions\/5789"}],"wp:featuredmedia":[{"embeddable":true,"href":"https:\/\/humanidades.uprrp.edu\/visiondoble\/wp-json\/wp\/v2\/media\/5786"}],"wp:attachment":[{"href":"https:\/\/humanidades.uprrp.edu\/visiondoble\/wp-json\/wp\/v2\/media?parent=5788"}],"wp:term":[{"taxonomy":"category","embeddable":true,"href":"https:\/\/humanidades.uprrp.edu\/visiondoble\/wp-json\/wp\/v2\/categories?post=5788"},{"taxonomy":"post_tag","embeddable":true,"href":"https:\/\/humanidades.uprrp.edu\/visiondoble\/wp-json\/wp\/v2\/tags?post=5788"}],"curies":[{"name":"wp","href":"https:\/\/api.w.org\/{rel}","templated":true}]}}