{"id":5646,"date":"2017-08-15T21:01:14","date_gmt":"2017-08-16T01:01:14","guid":{"rendered":"http:\/\/humanidades.uprrp.edu\/visiondoble\/?p=5646"},"modified":"2021-11-23T01:26:49","modified_gmt":"2021-11-23T05:26:49","slug":"piso-fenix-pongamos-en-el-mapa-otras-coordenadas","status":"publish","type":"post","link":"https:\/\/humanidades.uprrp.edu\/visiondoble\/piso-fenix-pongamos-en-el-mapa-otras-coordenadas\/","title":{"rendered":"Piso F\u00e9nix: pongamos en el mapa otras coordenadas"},"content":{"rendered":"<p>Proceso: estudiantes Lily Medina del curso <i>Urbanismo y Autogesti\u00f3n <\/i>y Carolina Morales de <i>G\u00e9nero y Ciudad<\/i>. A la izquierda la base de la nueva plataforma, a la derecha piso m\u00f3vil.<\/p>\n[spacer height=&#8221;20px&#8221;]\n<p style=\"text-align: right;\"><strong><span style=\"font-size: 120%; font-family: arial, helvetica, sans-serif;\">Texto completo \/ Full text<\/span><\/strong><br \/>\n<strong><span style=\"font-size: 120%; font-family: arial, helvetica, sans-serif;\"><a href=\"https:\/\/drive.google.com\/file\/d\/1bPwt5xNuA51eqVpgnKzmlmLsHtVNiRv1\/view?usp=sharing\">PDF<\/a> \/ <a href=\"https:\/\/drive.google.com\/file\/d\/1BO49b73wlyy3J7J7udbsCOaiAgEVD5RZ\/view?usp=sharing\">ePUB<\/a><\/span><\/strong><\/p>\n<div class=\"page\" title=\"Page 1\">\n<div class=\"section\">\n<div class=\"layoutArea\">\n<div class=\"column\">\n<p style=\"text-align: justify;\"><b style=\"font-family: arial, helvetica, sans-serif; font-size: 120%;\">T\u00edtulo<\/b><span style=\"font-family: arial, helvetica, sans-serif; font-size: 120%;\">: Piso F\u00e9nix: pongamos en el mapa otras coordenadas<\/span><\/p>\n<\/div>\n<\/div>\n<\/div>\n<\/div>\n<p style=\"text-align: justify;\"><span style=\"font-family: arial, helvetica, sans-serif; font-size: 120%;\"><b>Title<\/b>: PISO F\u00e9nix: Let\u2019s Mark Other Locations on the Map<\/span><\/p>\n<p><span style=\"font-family: arial, helvetica, sans-serif; font-size: 120%;\"><b>Autor \/ Author<\/b>: Noem\u00ed Segarra y Andrea Bauz\u00e1<\/span><br \/>\n<span style=\"font-family: arial, helvetica, sans-serif; font-size: 120%;\">Universidad de Puerto Rico, Recinto de R\u00edo Piedras<\/span><\/p>\n<p style=\"text-align: justify;\"><span style=\"font-family: arial, helvetica, sans-serif; font-size: 120%;\"><b>Resumen<\/b>: PISO es una plataforma feminista que, m\u00e1s all\u00e1 de lo te\u00f3rico, se organiza, moviliza y hace pol\u00edtica p\u00fablica abogando por la praxis e investigaci\u00f3n encarnada. El Programa de Estudios de Mujer y G\u00e9nero, en colaboraci\u00f3n con la clase \u201cUrbanismo y Autogesti\u00f3n\u201d concebida y desarrollada en la Facultad de Arquitectura de la Universidad de Puerto Rico, ha llevado a cabo la iniciativa PISO F\u00e9nix, a partir de la cual el espacio se ha habitado por completo de manera consciente y activa.<\/span><\/p>\n<p style=\"text-align: justify;\"><span style=\"font-family: arial, helvetica, sans-serif; font-size: 120%;\"><b>Abstract<\/b>: PISO is a feminist platform that, beyond theory, is based on organization, mobilization, and public policy, advocating praxis and embodied research. The Women and Gender Studies Program, in collaboration with the \u201cUrbanism and Self-Management\u201d course, created and developed at the School of Architecture of the University of Puerto Rico, has carried out the initiative PISO F\u00e9nix, fully, consciously and actively inhabiting that space.<\/span><\/p>\n<p><span style=\"font-family: arial, helvetica, sans-serif; font-size: 120%;\"><b>Palabras clave<\/b>: Cuerpo, G\u00e9nero, Performance, Urbanismo, Arquitectura, Espacio, PISO, Universidad de Puerto Rico<\/span><\/p>\n<p><span style=\"font-family: arial, helvetica, sans-serif; font-size: 120%;\"><b>Keywords<\/b>: Body, Gender, Performance, Urbanism, Architecture, Space, PISO, Universidad de Puerto Rico<\/span><\/p>\n<p><span style=\"font-family: arial, helvetica, sans-serif; font-size: 120%;\"><b>Secci\u00f3n<\/b>: Obras \/ <b>Section<\/b>: Artworks<span class=\"Apple-converted-space\">\u00a0<\/span><\/span><\/p>\n<p><span style=\"font-family: arial, helvetica, sans-serif; font-size: 120%;\"><b>Publicaci\u00f3n: <\/b>15 de agosto de 2017<\/span><\/p>\n<p><span style=\"font-family: arial, helvetica, sans-serif; font-size: 120%;\"><b>Cita recomendada: <\/b>Segarra, Noem\u00edn y Andrea Bauz\u00e1. \u201cPiso F\u00e9nix: pongamos en el mapa otras coordenadas\u201d, <i>Visi\u00f3n Doble: Revista de Cr\u00edtica e Historia del Arte<\/i>, 15 de agosto de 2017, humanidades.uprrp.edu\/visiondoble<\/span><\/p>\n","protected":false},"excerpt":{"rendered":"<p>Resumen: PISO es una plataforma feminista que, m\u00e1s all\u00e1 de lo te\u00f3rico, se organiza, moviliza y hace pol\u00edtica p\u00fablica abogando por la praxis e investigaci\u00f3n encarnada. El Programa de Estudios de Mujer y G\u00e9nero, en colaboraci\u00f3n con la clase \u201cUrbanismo y Autogesti\u00f3n\u201d concebida y desarrollada en la Facultad de Arquitectura de la Universidad de Puerto Rico, ha llevado a cabo la iniciativa PISO F\u00e9nix, a partir de la cual el espacio se ha habitado por completo de manera consciente y activa.<\/p>\n<p>Abstract: PISO is a feminist platform that, beyond theory, is based on organization, mobilization, and public policy, advocating praxis and embodied research. The Women and Gender Studies Program, in collaboration with the \u201cUrbanism and Self-Management\u201d course, created and developed at the School of Architecture of the University of Puerto Rico, has carried out the initiative PISO F\u00e9nix, fully, consciously and actively inhabiting that space.<\/p>\n","protected":false},"author":143,"featured_media":5647,"comment_status":"closed","ping_status":"closed","sticky":false,"template":"","format":"standard","meta":{"footnotes":""},"categories":[5],"tags":[487,484,897,894,892,269,268,261,1844,896,43,1554,1552],"class_list":["post-5646","post","type-post","status-publish","format-standard","has-post-thumbnail","hentry","category-obras","tag-architecture","tag-arquitectura","tag-body","tag-cuerpo","tag-espacio","tag-gender","tag-genero","tag-performance","tag-piso","tag-space","tag-universidad-de-puerto-rico","tag-urbanism","tag-urbanismo"],"_links":{"self":[{"href":"https:\/\/humanidades.uprrp.edu\/visiondoble\/wp-json\/wp\/v2\/posts\/5646","targetHints":{"allow":["GET"]}}],"collection":[{"href":"https:\/\/humanidades.uprrp.edu\/visiondoble\/wp-json\/wp\/v2\/posts"}],"about":[{"href":"https:\/\/humanidades.uprrp.edu\/visiondoble\/wp-json\/wp\/v2\/types\/post"}],"author":[{"embeddable":true,"href":"https:\/\/humanidades.uprrp.edu\/visiondoble\/wp-json\/wp\/v2\/users\/143"}],"replies":[{"embeddable":true,"href":"https:\/\/humanidades.uprrp.edu\/visiondoble\/wp-json\/wp\/v2\/comments?post=5646"}],"version-history":[{"count":4,"href":"https:\/\/humanidades.uprrp.edu\/visiondoble\/wp-json\/wp\/v2\/posts\/5646\/revisions"}],"predecessor-version":[{"id":5669,"href":"https:\/\/humanidades.uprrp.edu\/visiondoble\/wp-json\/wp\/v2\/posts\/5646\/revisions\/5669"}],"wp:featuredmedia":[{"embeddable":true,"href":"https:\/\/humanidades.uprrp.edu\/visiondoble\/wp-json\/wp\/v2\/media\/5647"}],"wp:attachment":[{"href":"https:\/\/humanidades.uprrp.edu\/visiondoble\/wp-json\/wp\/v2\/media?parent=5646"}],"wp:term":[{"taxonomy":"category","embeddable":true,"href":"https:\/\/humanidades.uprrp.edu\/visiondoble\/wp-json\/wp\/v2\/categories?post=5646"},{"taxonomy":"post_tag","embeddable":true,"href":"https:\/\/humanidades.uprrp.edu\/visiondoble\/wp-json\/wp\/v2\/tags?post=5646"}],"curies":[{"name":"wp","href":"https:\/\/api.w.org\/{rel}","templated":true}]}}