{"id":5404,"date":"2017-02-15T10:47:07","date_gmt":"2017-02-15T14:47:07","guid":{"rendered":"http:\/\/humanidades.uprrp.edu\/visiondoble\/?p=5404"},"modified":"2021-11-23T01:31:28","modified_gmt":"2021-11-23T05:31:28","slug":"5404","status":"publish","type":"post","link":"https:\/\/humanidades.uprrp.edu\/visiondoble\/5404\/","title":{"rendered":"El arte es mi trinchera: conversando con Emanuel Torres P\u00e9rez"},"content":{"rendered":"<p style=\"text-align: center;\"><span style=\"font-family: arial, helvetica, sans-serif;\">Emanuel Torres P\u00e9rez, Untitled (Reds), 2017.<\/span><\/p>\n<p><span style=\"font-family: arial, helvetica, sans-serif;\">[spacer height=&#8221;20px&#8221;]<\/span><\/p>\n<p style=\"text-align: right;\"><span style=\"font-family: arial, helvetica, sans-serif;\"><strong><span style=\"font-size: 120%;\">Texto completo \/ Full text<\/span><\/strong><\/span><br \/>\n<span style=\"font-family: arial, helvetica, sans-serif;\"><strong><span style=\"font-size: 120%;\"><a href=\"https:\/\/drive.google.com\/file\/d\/14YWNeEJUWdEl4yhKtMEP0mZIrBV_ZCX_\/view?usp=sharing\">PDF<\/a> \/ <a href=\"https:\/\/drive.google.com\/file\/d\/1iCw_Yu-1EIrVpvVKrMU0aSLeqsfFhucO\/view?usp=sharing\">ePUB<\/a><\/span><\/strong><\/span><\/p>\n<p style=\"text-align: justify;\"><span style=\"font-family: arial, helvetica, sans-serif; font-size: 120%;\"><b>T\u00edtulo<\/b>: El arte es mi trinchera: conversando con Emanuel Torres P\u00e9rez<\/span><\/p>\n<p style=\"text-align: justify;\"><span style=\"font-family: arial, helvetica, sans-serif; font-size: 120%;\"><b>Title<\/b>: Art is my Trench: A Conversation with Emanuel Torres P\u00e9rez<\/span><\/p>\n<p style=\"text-align: justify;\"><span style=\"font-family: arial, helvetica, sans-serif; font-size: 120%;\"><b>Autor \/ Author<\/b>: Dianne Br\u00e1s Feliciano<\/span><\/p>\n<p style=\"text-align: justify;\"><span style=\"font-family: arial, helvetica, sans-serif; font-size: 120%;\">Curadora y Escritora de Arte Independiente<\/span><\/p>\n<p><span style=\"font-family: arial, helvetica, sans-serif; font-size: 120%;\"><b>Resumen<\/b>: Las distop\u00edas, las paradojas cotidianas, la realidad actual y el proceso de creaci\u00f3n art\u00edstica confluyen en esta entrevista a ra\u00edz de la obra y de la reciente exhibici\u00f3n de Emanuel Torres P\u00e9rez, <i>Augusta distop\u00eda<\/i>, en el Espacio Minerva.<\/span><\/p>\n<p><span style=\"font-family: arial, helvetica, sans-serif; font-size: 120%;\"><b>Abstract<\/b>: Dystopias, everyday paradoxes, the present reality and the process of artistic creation come together in this interview, in the context of the most work and exhibition by Emanuel Torres P\u00e9rez, <i>Augusta Dystopia<\/i>, at Espacio Minerva.<\/span><\/p>\n<p><span style=\"font-family: arial, helvetica, sans-serif; font-size: 120%;\"><b>Palabras clave<\/b>: Emanuel Torres P\u00e9rez, Pintura, distop\u00eda, paradoja, Espacio Minerva, Dianne Br\u00e1s Feliciano<\/span><\/p>\n<p><span style=\"font-family: arial, helvetica, sans-serif; font-size: 120%;\"><b>Keywords<\/b>: Emanuel Torres P\u00e9rez, Painting, Dystopia, Paradox, Espacio Minerva, Dianne Br\u00e1s Feliciano<\/span><\/p>\n<p><span style=\"font-family: arial, helvetica, sans-serif; font-size: 120%;\"><b>Secci\u00f3n<\/b>: Entrevistas \/ <b>Section<\/b>: Interviews<span class=\"Apple-converted-space\">\u00a0<\/span><\/span><\/p>\n<p style=\"text-align: justify;\"><span style=\"font-family: arial, helvetica, sans-serif; font-size: 120%;\"><b>Publicaci\u00f3n: <\/b>15 de febrero de 2017<\/span><\/p>\n<p style=\"text-align: justify;\"><span style=\"font-family: arial, helvetica, sans-serif; font-size: 120%;\"><b>Cita recomendada:<\/b> Br\u00e1s Feliciano, Dianne. \u201cEl arte es mi trinchera: conversando con Emanuel Torres P\u00e9rez\u201d, <i>Visi\u00f3n Doble: Revista de Cr\u00edtica e Historia del Arte<\/i>, 15 de febrero de 2017, humanidades.uprrp.edu\/visiondoble<\/span><\/p>\n","protected":false},"excerpt":{"rendered":"<p>Resumen: Las distop\u00edas, las paradojas cotidianas, la realidad actual y el proceso de creaci\u00f3n art\u00edstica confluyen en esta entrevista a ra\u00edz de la obra y de la reciente exhibici\u00f3n de Emanuel Torres P\u00e9rez, Augusta distop\u00eda, en el Espacio Minerva. <\/p>\n<p>Abstract: Dystopias, everyday paradoxes, the present reality and the process of artistic creation come together in this interview, in the context of the most work and exhibition by Emanuel Torres P\u00e9rez, Augusta Dystopia, at Espacio Minerva.<\/p>\n","protected":false},"author":46,"featured_media":5405,"comment_status":"closed","ping_status":"closed","sticky":false,"template":"","format":"standard","meta":{"footnotes":""},"categories":[8],"tags":[],"class_list":["post-5404","post","type-post","status-publish","format-standard","has-post-thumbnail","hentry","category-entrevistas"],"_links":{"self":[{"href":"https:\/\/humanidades.uprrp.edu\/visiondoble\/wp-json\/wp\/v2\/posts\/5404","targetHints":{"allow":["GET"]}}],"collection":[{"href":"https:\/\/humanidades.uprrp.edu\/visiondoble\/wp-json\/wp\/v2\/posts"}],"about":[{"href":"https:\/\/humanidades.uprrp.edu\/visiondoble\/wp-json\/wp\/v2\/types\/post"}],"author":[{"embeddable":true,"href":"https:\/\/humanidades.uprrp.edu\/visiondoble\/wp-json\/wp\/v2\/users\/46"}],"replies":[{"embeddable":true,"href":"https:\/\/humanidades.uprrp.edu\/visiondoble\/wp-json\/wp\/v2\/comments?post=5404"}],"version-history":[{"count":5,"href":"https:\/\/humanidades.uprrp.edu\/visiondoble\/wp-json\/wp\/v2\/posts\/5404\/revisions"}],"predecessor-version":[{"id":5415,"href":"https:\/\/humanidades.uprrp.edu\/visiondoble\/wp-json\/wp\/v2\/posts\/5404\/revisions\/5415"}],"wp:featuredmedia":[{"embeddable":true,"href":"https:\/\/humanidades.uprrp.edu\/visiondoble\/wp-json\/wp\/v2\/media\/5405"}],"wp:attachment":[{"href":"https:\/\/humanidades.uprrp.edu\/visiondoble\/wp-json\/wp\/v2\/media?parent=5404"}],"wp:term":[{"taxonomy":"category","embeddable":true,"href":"https:\/\/humanidades.uprrp.edu\/visiondoble\/wp-json\/wp\/v2\/categories?post=5404"},{"taxonomy":"post_tag","embeddable":true,"href":"https:\/\/humanidades.uprrp.edu\/visiondoble\/wp-json\/wp\/v2\/tags?post=5404"}],"curies":[{"name":"wp","href":"https:\/\/api.w.org\/{rel}","templated":true}]}}