{"id":5312,"date":"2016-10-15T20:34:49","date_gmt":"2016-10-16T00:34:49","guid":{"rendered":"http:\/\/humanidades.uprrp.edu\/visiondoble\/?p=5312"},"modified":"2021-11-23T10:35:26","modified_gmt":"2021-11-23T14:35:26","slug":"el-arte-politico-no-es-una-moda-es-un-compromiso-una-conversacion-con-wilfredo-mercado","status":"publish","type":"post","link":"https:\/\/humanidades.uprrp.edu\/visiondoble\/el-arte-politico-no-es-una-moda-es-un-compromiso-una-conversacion-con-wilfredo-mercado\/","title":{"rendered":"El arte pol\u00edtico no es una moda, es un compromiso: una conversaci\u00f3n con Wilfredo Mercado"},"content":{"rendered":"<p style=\"text-align: center;\">Wilfredo Mercado, <i>Asimiliaci\u00f3n<\/i>, 2013.<\/p>\n[spacer height=&#8221;20px&#8221;]\n<p style=\"text-align: right;\"><span style=\"font-family: arial, helvetica, sans-serif; font-size: 120%;\"><strong>Texto completo \/ Full text<\/strong><\/span><br \/>\n<span style=\"font-family: arial, helvetica, sans-serif; font-size: 120%;\"><strong><a href=\"https:\/\/drive.google.com\/file\/d\/1BLM0NgJlIZicGRSI0yBId54AMl2H9Laz\/view?usp=sharing\">PDF<\/a> \/ <a href=\"https:\/\/drive.google.com\/file\/d\/1H_ja1qTlb_Mv5eG5qV_njwkyZwxuQhj9\/view?usp=sharing\">ePUB<\/a><\/strong><\/span><\/p>\n<p><span style=\"font-family: arial, helvetica, sans-serif; font-size: 120%;\"><b>T\u00edtulo<\/b>: El arte pol\u00edtico no es una moda, es un compromiso: una conversaci\u00f3n con Wilfredo Mercado<\/span><br \/>\n<span style=\"font-family: arial, helvetica, sans-serif; font-size: 120%;\"><b>Title<\/b>: Political Art Is Not a Trend. It is a Commitment: A Conversation with Wilfredo Mercado<\/span><\/p>\n<p><span style=\"font-family: arial, helvetica, sans-serif; font-size: 120%;\"><b>Autor \/ Author<\/b>: Elsa Mar\u00eda Mel\u00e9ndez<\/span><br \/>\n<span style=\"font-family: arial, helvetica, sans-serif; font-size: 120%;\">Museo de Arte de Caguas<\/span><\/p>\n<p><span style=\"font-family: arial, helvetica, sans-serif; font-size: 120%;\"><b>Resumen<\/b>: Elsa Mel\u00e9ndez y Wilfredo Mercado conversan ampliamente con el arte en su vertiente pol\u00edtica como principal protagonista. Sus coincidencias y tambi\u00e9n sus desacuerdos abren unos derroteros muy provocadores, que sirven de inspiraci\u00f3n y de marco intelectual para visitar la exhibici\u00f3n que el Museo de Arte de Caguas le dedica al artista.<\/span><\/p>\n<p><span style=\"font-family: arial, helvetica, sans-serif; font-size: 120%;\"><b>Abstract<\/b>: Elsa Mel\u00e9ndez and Wilfredo Mercado have a long conversation about art and politics. Their coincidences and also their disagreements open up some very provocative questions, which serve as inspiration and as intellectual framework for those who visit the artist\u2019s solo exhibition at the Museo de Arte de Caguas.<\/span><\/p>\n<p><span style=\"font-family: arial, helvetica, sans-serif; font-size: 120%;\"><b>Palabras clave<\/b>: Arte pol\u00edtico, Museo de Arte de Caguas, Pintura, Wilfredo Mercado, Compromiso, Elsa Mar\u00eda Mel\u00e9ndez<\/span><\/p>\n<p><span style=\"font-family: arial, helvetica, sans-serif; font-size: 120%;\"><b>Keywords<\/b>: Political art, Art Museum of Caguas, Painting, Wilfredo Mercado, Commitment, Elsa Mar\u00eda Mel\u00e9ndez<\/span><\/p>\n<p><span style=\"font-family: arial, helvetica, sans-serif; font-size: 120%;\"><b>Secci\u00f3n<\/b>: Entrevistas \/ <b>Section<\/b>: Interviews<span class=\"Apple-converted-space\">\u00a0<\/span><\/span><\/p>\n<p><span style=\"font-family: arial, helvetica, sans-serif; font-size: 120%;\"><b>Publicaci\u00f3n: <\/b>15 de octubre de 2016<\/span><\/p>\n<p><span style=\"font-family: arial, helvetica, sans-serif; font-size: 120%;\"><b>Cita recomendada: <\/b>Mel\u00e9ndez, Elsa Mar\u00eda. \u201cEl arte pol\u00edtico no es una moda, es un compromiso: una conversaci\u00f3n con Wilfredo Mercado\u201d, <i>Visi\u00f3n Doble: Revista de Cr\u00edtica e Historia del Arte<\/i>, 15 de octubre de 2016, humanidades.uprrp.edu\/visiondoble<\/span><\/p>\n","protected":false},"excerpt":{"rendered":"<p>Resumen: Elsa Mel\u00e9ndez y Wilfredo Mercado conversan ampliamente con el arte en su vertiente pol\u00edtica como principal protagonista. Sus coincidencias y tambi\u00e9n sus desacuerdos abren unos derroteros muy provocadores, que sirven de inspiraci\u00f3n y de marco intelectual para visitar la exhibici\u00f3n que el Museo de Arte de Caguas le dedica al artista.<\/p>\n<p>Abstract: Elsa Mel\u00e9ndez and Wilfredo Mercado have a long conversation about art and politics. Their coincidences and also their disagreements open up some very provocative questions, which serve as inspiration and as intellectual framework for those who visit the artist\u2019s solo exhibition at the Museo de Arte de Caguas.<\/p>\n","protected":false},"author":48,"featured_media":5313,"comment_status":"closed","ping_status":"closed","sticky":false,"template":"","format":"standard","meta":{"footnotes":""},"categories":[8],"tags":[1695,283,1696,1693,144,774,77,25,1694,1692],"class_list":["post-5312","post","type-post","status-publish","format-standard","has-post-thumbnail","hentry","category-entrevistas","tag-art-museum-of-caguas","tag-arte-politico","tag-commitment","tag-compromiso","tag-elsa-maria-melendez","tag-museo-de-arte-de-caguas","tag-painting","tag-pintura","tag-political-art","tag-wilfredo-mercado"],"_links":{"self":[{"href":"https:\/\/humanidades.uprrp.edu\/visiondoble\/wp-json\/wp\/v2\/posts\/5312","targetHints":{"allow":["GET"]}}],"collection":[{"href":"https:\/\/humanidades.uprrp.edu\/visiondoble\/wp-json\/wp\/v2\/posts"}],"about":[{"href":"https:\/\/humanidades.uprrp.edu\/visiondoble\/wp-json\/wp\/v2\/types\/post"}],"author":[{"embeddable":true,"href":"https:\/\/humanidades.uprrp.edu\/visiondoble\/wp-json\/wp\/v2\/users\/48"}],"replies":[{"embeddable":true,"href":"https:\/\/humanidades.uprrp.edu\/visiondoble\/wp-json\/wp\/v2\/comments?post=5312"}],"version-history":[{"count":1,"href":"https:\/\/humanidades.uprrp.edu\/visiondoble\/wp-json\/wp\/v2\/posts\/5312\/revisions"}],"predecessor-version":[{"id":5314,"href":"https:\/\/humanidades.uprrp.edu\/visiondoble\/wp-json\/wp\/v2\/posts\/5312\/revisions\/5314"}],"wp:featuredmedia":[{"embeddable":true,"href":"https:\/\/humanidades.uprrp.edu\/visiondoble\/wp-json\/wp\/v2\/media\/5313"}],"wp:attachment":[{"href":"https:\/\/humanidades.uprrp.edu\/visiondoble\/wp-json\/wp\/v2\/media?parent=5312"}],"wp:term":[{"taxonomy":"category","embeddable":true,"href":"https:\/\/humanidades.uprrp.edu\/visiondoble\/wp-json\/wp\/v2\/categories?post=5312"},{"taxonomy":"post_tag","embeddable":true,"href":"https:\/\/humanidades.uprrp.edu\/visiondoble\/wp-json\/wp\/v2\/tags?post=5312"}],"curies":[{"name":"wp","href":"https:\/\/api.w.org\/{rel}","templated":true}]}}