{"id":5082,"date":"2015-10-15T01:36:25","date_gmt":"2015-10-15T05:36:25","guid":{"rendered":"http:\/\/humanidades.uprrp.edu\/visiondoble\/?p=5082"},"modified":"2021-11-23T10:44:08","modified_gmt":"2021-11-23T14:44:08","slug":"turey-el-taino-para-siempre","status":"publish","type":"post","link":"https:\/\/humanidades.uprrp.edu\/visiondoble\/turey-el-taino-para-siempre\/","title":{"rendered":"Turey el Ta\u00edno, para siempre"},"content":{"rendered":"<p>&nbsp;<\/p>\n<p style=\"text-align: right;\"><strong><span style=\"font-size: 120%; font-family: arial, helvetica, sans-serif;\">Texto completo \/ Full text<\/span><\/strong><br \/>\n<strong><span style=\"font-size: 120%; font-family: arial, helvetica, sans-serif;\"><a href=\"https:\/\/drive.google.com\/file\/d\/1zI-4YMswWIcP0EhsSL816SIw7MOeoRzw\/view?usp=sharing\">PDF<\/a> \/ <a href=\"https:\/\/drive.google.com\/file\/d\/1rWdAnDjnoe3Ez7wTUgnjIjhnsdXLkEXH\/view?usp=sharing\">ePUB<\/a><\/span><\/strong><\/p>\n<p><span style=\"font-family: arial, helvetica, sans-serif; font-size: 120%;\"><b>T\u00edtulo<\/b>: Turey el Ta\u00edno, para siempre<\/span><br \/>\n<span style=\"font-family: arial, helvetica, sans-serif; font-size: 120%;\"><b>Title<\/b>: Turey el Ta\u00edno, Forever<\/span><\/p>\n<p><span style=\"font-family: arial, helvetica, sans-serif; font-size: 120%;\"><b>Autor \/ Author<\/b>: Luis Jeft\u00e9 Lacourt<\/span><br \/>\n<span style=\"font-family: arial, helvetica, sans-serif; font-size: 120%;\">Periodista e investigador independiente<\/span><\/p>\n<p><span style=\"font-family: arial, helvetica, sans-serif; font-size: 120%;\"><b>Resumen<\/b>: Turey el Ta\u00edno es uno de los personajes m\u00e1s queridos en la historia del c\u00f3mic puertorrique\u00f1o. Sus creadores, Ricardo \u00c1lvarez Riv\u00f3n y Magali J. \u00c1lvarez Mel\u00e9ndez, destacaron por su valioso esfuerzo e inventiva para lograr convertirlo en lo que es hoy en d\u00eda: un entra\u00f1able cap\u00edtulo en las p\u00e1ginas de la historia de este medio art\u00edstico.<\/span><\/p>\n<p><span style=\"font-family: arial, helvetica, sans-serif; font-size: 120%;\"><b>Abstract<\/b>: Turey el Ta\u00edno is one of the most loved characters in the history of Puerto Rican comics. Its creators, Ricardo \u00c1lvarez Riv\u00f3n and Magali J. \u00c1lvarez Mel\u00e9ndez, made an invaluable effort and invention to turn the comic into what it is today: an endearing chapter in this artistic medium\u2019s history.<\/span><\/p>\n<p><span style=\"font-family: arial, helvetica, sans-serif; font-size: 120%;\"><b>Palabras clave<\/b>: C\u00f3mics, Turey el ta\u00edno, Ricardo \u00c1lvarez Riv\u00f3n, Magali J. \u00c1lvarez Mel\u00e9ndez, C\u00f3mics puertorrique\u00f1os, Luis Jeft\u00e9 Lacourt<\/span><\/p>\n<p><span style=\"font-family: arial, helvetica, sans-serif; font-size: 120%;\"><b>Keywords<\/b>: Comics, Turey el ta\u00edno, Ricardo \u00c1lvarez Riv\u00f3n, Magali J. \u00c1lvarez Mel\u00e9ndez, Puerto Rican Comics, Luis Jeft\u00e9 Lacourt<\/span><\/p>\n<p><span style=\"font-family: arial, helvetica, sans-serif; font-size: 120%;\"><b>Secci\u00f3n<\/b>: Entrevistas \/ <b>Section<\/b>: Interviews<span class=\"Apple-converted-space\">\u00a0<\/span><\/span><\/p>\n<p><span style=\"font-family: arial, helvetica, sans-serif; font-size: 120%;\"><b>Publicaci\u00f3n: <\/b>15 de octubre de 2015<\/span><\/p>\n<p><span style=\"font-family: arial, helvetica, sans-serif; font-size: 120%;\"><b>Cita recomendada: <\/b>Lacourt, Luis Jeft\u00e9. \u201cTurey el Ta\u00edno, para siempre\u201d, <i>Visi\u00f3n Doble: Revista de Cr\u00edtica e Historia del Arte<\/i>, 15 de octubre de 2015, humanidades.uprrp.edu\/visiondoble<\/span><\/p>\n","protected":false},"excerpt":{"rendered":"<p>Resumen: Turey el Ta\u00edno es uno de los personajes m\u00e1s queridos en la historia del c\u00f3mic puertorrique\u00f1o. Sus creadores, Ricardo \u00c1lvarez Riv\u00f3n y Magali J. \u00c1lvarez Mel\u00e9ndez, destacaron por su valioso esfuerzo e inventiva para lograr convertirlo en lo que es hoy en d\u00eda: un entra\u00f1able cap\u00edtulo en las p\u00e1ginas de la historia de este medio art\u00edstico.<\/p>\n<p>Abstract: Turey el Ta\u00edno is one of the most loved characters in the history of Puerto Rican comics. Its creators, Ricardo \u00c1lvarez Riv\u00f3n and Magali J. \u00c1lvarez Mel\u00e9ndez, made an invaluable effort and invention to turn the comic into what it is today: an endearing chapter in this artistic medium\u2019s history.<\/p>\n","protected":false},"author":139,"featured_media":5080,"comment_status":"closed","ping_status":"closed","sticky":false,"template":"","format":"standard","meta":{"footnotes":""},"categories":[8],"tags":[738,1454,745,1516,1515,1456,1514,1513],"class_list":["post-5082","post","type-post","status-publish","format-standard","has-post-thumbnail","hentry","category-entrevistas","tag-comics","tag-comics-puertorriquenos","tag-luis-jefte-lacourt","tag-luis-jefte-lacourtkeywords-comics","tag-magali-j-alvarez-melendez","tag-puerto-rican-comics","tag-ricardo-alvarez-rivon","tag-turey-el-taino"],"_links":{"self":[{"href":"https:\/\/humanidades.uprrp.edu\/visiondoble\/wp-json\/wp\/v2\/posts\/5082","targetHints":{"allow":["GET"]}}],"collection":[{"href":"https:\/\/humanidades.uprrp.edu\/visiondoble\/wp-json\/wp\/v2\/posts"}],"about":[{"href":"https:\/\/humanidades.uprrp.edu\/visiondoble\/wp-json\/wp\/v2\/types\/post"}],"author":[{"embeddable":true,"href":"https:\/\/humanidades.uprrp.edu\/visiondoble\/wp-json\/wp\/v2\/users\/139"}],"replies":[{"embeddable":true,"href":"https:\/\/humanidades.uprrp.edu\/visiondoble\/wp-json\/wp\/v2\/comments?post=5082"}],"version-history":[{"count":1,"href":"https:\/\/humanidades.uprrp.edu\/visiondoble\/wp-json\/wp\/v2\/posts\/5082\/revisions"}],"predecessor-version":[{"id":5083,"href":"https:\/\/humanidades.uprrp.edu\/visiondoble\/wp-json\/wp\/v2\/posts\/5082\/revisions\/5083"}],"wp:featuredmedia":[{"embeddable":true,"href":"https:\/\/humanidades.uprrp.edu\/visiondoble\/wp-json\/wp\/v2\/media\/5080"}],"wp:attachment":[{"href":"https:\/\/humanidades.uprrp.edu\/visiondoble\/wp-json\/wp\/v2\/media?parent=5082"}],"wp:term":[{"taxonomy":"category","embeddable":true,"href":"https:\/\/humanidades.uprrp.edu\/visiondoble\/wp-json\/wp\/v2\/categories?post=5082"},{"taxonomy":"post_tag","embeddable":true,"href":"https:\/\/humanidades.uprrp.edu\/visiondoble\/wp-json\/wp\/v2\/tags?post=5082"}],"curies":[{"name":"wp","href":"https:\/\/api.w.org\/{rel}","templated":true}]}}