{"id":5058,"date":"2015-10-15T01:08:33","date_gmt":"2015-10-15T05:08:33","guid":{"rendered":"http:\/\/humanidades.uprrp.edu\/visiondoble\/?p=5058"},"modified":"2021-11-23T10:45:14","modified_gmt":"2021-11-23T14:45:14","slug":"5058","status":"publish","type":"post","link":"https:\/\/humanidades.uprrp.edu\/visiondoble\/5058\/","title":{"rendered":"Pun18: entre consenso y conflicto"},"content":{"rendered":"<p style=\"text-align: center;\">Pun18, Exhibici\u00f3n: <i>Beneath the surface<\/i>, 2015.<\/p>\n<p style=\"text-align: right;\">[spacer height=&#8221;20px&#8221;]<strong><span style=\"font-size: 120%; font-family: arial, helvetica, sans-serif;\">Texto completo \/ Full text<\/span><\/strong><br \/>\n<strong><span style=\"font-size: 120%; font-family: arial, helvetica, sans-serif;\"><a href=\"https:\/\/drive.google.com\/file\/d\/1p_sJKFtuFjle6-qLC49Kf5sOFvd5jlwJ\/view?usp=sharing\">PDF<\/a> \/ <a href=\"https:\/\/drive.google.com\/file\/d\/1UwpEKtfdGmYZ0DQBLv_td4PC2CBX8Sbn\/view?usp=sharing\">ePUB<\/a><\/span><\/strong><\/p>\n<p><span style=\"font-family: arial, helvetica, sans-serif; font-size: 120%;\"><b>T\u00edtulo<\/b>: Pun18: entre consenso y conflicto<\/span><br \/>\n<span style=\"font-family: arial, helvetica, sans-serif; font-size: 120%;\"><b>Title<\/b>: Pun18: Between Consensus and Conflict<\/span><\/p>\n<p><span style=\"font-family: arial, helvetica, sans-serif; font-size: 120%;\"><b>Autor \/ Author<\/b>: Laura T\u00edscar Garc\u00eda<\/span><br \/>\n<span style=\"font-family: arial, helvetica, sans-serif; font-size: 120%;\">Artista y Gestora Cultural Independiente<\/span><\/p>\n<p><span style=\"font-family: arial, helvetica, sans-serif; font-size: 120%;\"><b>Resumen<\/b>: <i>Beneath the Surface <\/i>es la exhibici\u00f3n que protagonizan las piezas de Pun18, un reconocido artista en el marco del arte urbano, que traspasa \u00e1mbitos creativos y concilia espacios de exposici\u00f3n antag\u00f3nicos hasta tiempos recientes.<\/span><\/p>\n<p><span style=\"font-family: arial, helvetica, sans-serif; font-size: 120%;\"><b>Abstract<\/b>: <i>Beneath the Surface <\/i>is the title of the exhibition by Pun18, a renowned urban artist whose work is transgressive in different creative fields, but also reconciling art spaces that, until recently, were antagonistic.<\/span><\/p>\n<p><span style=\"font-family: arial, helvetica, sans-serif; font-size: 120%;\"><b>Palabras clave<\/b>: Arte Urbano, Graffiti, Superficie, Pun18, Walter Otero Contemporary Art, Laura T\u00edscar Garc\u00eda<\/span><\/p>\n<p><span style=\"font-family: arial, helvetica, sans-serif; font-size: 120%;\"><b>Keywords<\/b>: Urban Art, Graffiti, Surface, Pun18, Walter Otero Contemporary Art, Laura T\u00edscar Garc\u00eda<\/span><\/p>\n<p><span style=\"font-family: arial, helvetica, sans-serif; font-size: 120%;\"><b>Secci\u00f3n<\/b>: Exhibiciones \/ <b>Section<\/b>: Exhibitions<span class=\"Apple-converted-space\">\u00a0<\/span><\/span><\/p>\n<p><span style=\"font-family: arial, helvetica, sans-serif; font-size: 120%;\"><b>Publicaci\u00f3n: <\/b>15 de octubre de 2015<\/span><\/p>\n<p><span style=\"font-family: arial, helvetica, sans-serif; font-size: 120%;\"><b>Cita recomendada: <\/b>T\u00edscar Garc\u00eda, Laura. \u201cPun18: entre consenso y conflicto\u201d, <i>Visi\u00f3n Doble: Revista de Cr\u00edtica e Historia del Arte<\/i>, 15 de octubre de 2015, humanidades.uprrp.edu\/visiondoble<\/span><\/p>\n","protected":false},"excerpt":{"rendered":"<p>Resumen: Beneath the Surface es la exhibici\u00f3n que protagonizan las piezas de Pun18, un reconocido artista en el marco del arte urbano, que traspasa \u00e1mbitos creativos y concilia espacios de exposici\u00f3n antag\u00f3nicos hasta tiempos recientes.<\/p>\n<p>Abstract: Beneath the Surface is the title of the exhibition by Pun18, a renowned urban artist whose work is transgressive in different creative fields, but also reconciling art spaces that, until recently, were antagonistic.<\/p>\n","protected":false},"author":77,"featured_media":5059,"comment_status":"closed","ping_status":"closed","sticky":false,"template":"","format":"standard","meta":{"footnotes":""},"categories":[3],"tags":[516,518,1462,1497,1496,1498,519,396],"class_list":["post-5058","post","type-post","status-publish","format-standard","has-post-thumbnail","hentry","category-exhibiciones","tag-arte-urbano","tag-graffiti","tag-laura-tiscar-garcia","tag-pun18","tag-superficie","tag-surface","tag-urban-art","tag-walter-otero-contemporary-art"],"_links":{"self":[{"href":"https:\/\/humanidades.uprrp.edu\/visiondoble\/wp-json\/wp\/v2\/posts\/5058","targetHints":{"allow":["GET"]}}],"collection":[{"href":"https:\/\/humanidades.uprrp.edu\/visiondoble\/wp-json\/wp\/v2\/posts"}],"about":[{"href":"https:\/\/humanidades.uprrp.edu\/visiondoble\/wp-json\/wp\/v2\/types\/post"}],"author":[{"embeddable":true,"href":"https:\/\/humanidades.uprrp.edu\/visiondoble\/wp-json\/wp\/v2\/users\/77"}],"replies":[{"embeddable":true,"href":"https:\/\/humanidades.uprrp.edu\/visiondoble\/wp-json\/wp\/v2\/comments?post=5058"}],"version-history":[{"count":2,"href":"https:\/\/humanidades.uprrp.edu\/visiondoble\/wp-json\/wp\/v2\/posts\/5058\/revisions"}],"predecessor-version":[{"id":5061,"href":"https:\/\/humanidades.uprrp.edu\/visiondoble\/wp-json\/wp\/v2\/posts\/5058\/revisions\/5061"}],"wp:featuredmedia":[{"embeddable":true,"href":"https:\/\/humanidades.uprrp.edu\/visiondoble\/wp-json\/wp\/v2\/media\/5059"}],"wp:attachment":[{"href":"https:\/\/humanidades.uprrp.edu\/visiondoble\/wp-json\/wp\/v2\/media?parent=5058"}],"wp:term":[{"taxonomy":"category","embeddable":true,"href":"https:\/\/humanidades.uprrp.edu\/visiondoble\/wp-json\/wp\/v2\/categories?post=5058"},{"taxonomy":"post_tag","embeddable":true,"href":"https:\/\/humanidades.uprrp.edu\/visiondoble\/wp-json\/wp\/v2\/tags?post=5058"}],"curies":[{"name":"wp","href":"https:\/\/api.w.org\/{rel}","templated":true}]}}