{"id":4988,"date":"2015-09-15T21:24:17","date_gmt":"2015-09-16T01:24:17","guid":{"rendered":"http:\/\/humanidades.uprrp.edu\/visiondoble\/?p=4988"},"modified":"2021-11-23T10:49:13","modified_gmt":"2021-11-23T14:49:13","slug":"colonial-comfort-una-historia-con-muchos-autores","status":"publish","type":"post","link":"https:\/\/humanidades.uprrp.edu\/visiondoble\/colonial-comfort-una-historia-con-muchos-autores\/","title":{"rendered":"Colonial Comfort: una historia con muchos autores"},"content":{"rendered":"<p style=\"text-align: center;\">Liza Morales Ortiz, <i>La Calle (4\/6)<\/i>, 2013-2014.<\/p>\n[spacer height=&#8221;20px&#8221;]\n<p style=\"text-align: right;\"><strong><span style=\"font-size: 120%; font-family: arial, helvetica, sans-serif;\">Texto completo \/ Full text<\/span><\/strong><br \/>\n<strong><span style=\"font-size: 120%; font-family: arial, helvetica, sans-serif;\"><a href=\"https:\/\/drive.google.com\/file\/d\/1OjCvRppLZVr4f6LFcsRuMC6eWZLFGDeE\/view?usp=sharing\">PDF<\/a> \/ <a href=\"https:\/\/drive.google.com\/file\/d\/1Pq1yzIjSYTGQrWObD6447g45NGX1vd4p\/view?usp=sharing\">ePUB<\/a><\/span><\/strong><\/p>\n<p><span style=\"font-family: arial, helvetica, sans-serif; font-size: 120%;\"><b>T\u00edtulo<\/b>: Colonial Comfort: una historia con muchos autores<\/span><br \/>\n<span style=\"font-family: arial, helvetica, sans-serif; font-size: 120%;\"><b>Title<\/b>: Colonial Comfort: A Story by Multiple Authors<\/span><\/p>\n<p><span style=\"font-family: arial, helvetica, sans-serif; font-size: 120%;\"><b>Autor \/ Author<\/b>: Carlos Antonio Otero<\/span><br \/>\n<span style=\"font-family: arial, helvetica, sans-serif; font-size: 120%;\">Periodista y Artista Independiente<\/span><\/p>\n<p><span style=\"font-family: arial, helvetica, sans-serif; font-size: 120%;\"><b>Resumen<\/b>: <i>Colonial Comfort <\/i>es una exhibici\u00f3n colectiva en la que su curadora, Lisa Ladner, abre un debate sobre las contradicciones y las iron\u00edas presentes en la realidad del actual Caribe, concretamente Puerto Rico y las Islas V\u00edrgenes. Dieciocho propuestas fotogr\u00e1ficas integran la muestra, abierta hasta octubre en el Museo de Arte Contempor\u00e1neo de Puerto Rico.<\/span><\/p>\n<p><span style=\"font-family: arial, helvetica, sans-serif; font-size: 120%;\"><b>Abstract<\/b>: <i>Colonial Comfort <\/i>is a collective exhibition whose curator, Lisa Ladner, opens a debate on the contradictions and ironies that are present in the Caribbean\u2019s current reality, specifically in Puerto Rico and the Virgin Islands. Eighteen photographic proposals make up the exhibition, which will be open until October at the Museo de Arte Comtempor\u00e1neo de Puerto Rico.<\/span><\/p>\n<p><span style=\"font-family: arial, helvetica, sans-serif; font-size: 120%;\"><b>Palabras clave<\/b>: Ad\u00e1l, Arte del Caribe, Fotograf\u00eda, Herminio Rodr\u00edguez, Colonia, Lisa Ladner, Museo de Arte Contempor\u00e1neo de Puerto Rico<\/span><\/p>\n<p><span style=\"font-family: arial, helvetica, sans-serif; font-size: 120%;\"><b>Keywords<\/b>: Ad\u00e1l, Caribbean Art, Photography, Herminio Rodr\u00edguez, Lisa Ladner, Colony, Museo de Arte Contempor\u00e1neo de Puerto Rico<span class=\"Apple-converted-space\">\u00a0<\/span><\/span><\/p>\n<p><span style=\"font-family: arial, helvetica, sans-serif; font-size: 120%;\"><b>Secci\u00f3n<\/b>: Exhibiciones \/ <b>Section<\/b>: Exhibitions<span class=\"Apple-converted-space\">\u00a0<\/span><\/span><\/p>\n<p><span style=\"font-family: arial, helvetica, sans-serif; font-size: 120%;\"><b>Publicaci\u00f3n: <\/b>15 de septiembre de 2015<\/span><\/p>\n<p><span style=\"font-family: arial, helvetica, sans-serif; font-size: 120%;\"><b>Cita recomendada: <\/b>Otero, Carlos Antonio. \u201cColonial Comfort: una historia con muchos autores\u201d, <i>Visi\u00f3n Doble: Revista de Cr\u00edtica e Historia del Arte<\/i>, 15 de septiembre de 2015, humanidades.uprrp.edu\/visiondoble<\/span><\/p>\n","protected":false},"excerpt":{"rendered":"<p>Resumen: Colonial Comfort es una exhibici\u00f3n colectiva en la que su curadora, Lisa Ladner, abre un debate sobre las contradicciones y las iron\u00edas presentes en la realidad del actual Caribe, concretamente Puerto Rico y las Islas V\u00edrgenes. Dieciocho propuestas fotogr\u00e1ficas integran la muestra, abierta hasta octubre en el Museo de Arte Contempor\u00e1neo de Puerto Rico.<\/p>\n<p>Abstract: Colonial Comfort is a collective exhibition whose curator, Lisa Ladner, opens a debate on the contradictions and ironies that are present in the Caribbean\u2019s current reality, specifically in Puerto Rico and the Virgin Islands. Eighteen photographic proposals make up the exhibition, which will be open until October at the Museo de Arte Comtempor\u00e1neo de Puerto Rico.<\/p>\n","protected":false},"author":36,"featured_media":4989,"comment_status":"closed","ping_status":"closed","sticky":false,"template":"","format":"standard","meta":{"footnotes":""},"categories":[3],"tags":[674,1411,1385,1290,1293,228,1091,864,504,343],"class_list":["post-4988","post","type-post","status-publish","format-standard","has-post-thumbnail","hentry","category-exhibiciones","tag-adal","tag-arte-del-caribe","tag-caribbean-art","tag-colonia","tag-colony","tag-fotografia","tag-herminio-rodriguez","tag-lisa-ladner","tag-museo-de-arte-contemporaneo-de-puerto-rico","tag-photography"],"_links":{"self":[{"href":"https:\/\/humanidades.uprrp.edu\/visiondoble\/wp-json\/wp\/v2\/posts\/4988","targetHints":{"allow":["GET"]}}],"collection":[{"href":"https:\/\/humanidades.uprrp.edu\/visiondoble\/wp-json\/wp\/v2\/posts"}],"about":[{"href":"https:\/\/humanidades.uprrp.edu\/visiondoble\/wp-json\/wp\/v2\/types\/post"}],"author":[{"embeddable":true,"href":"https:\/\/humanidades.uprrp.edu\/visiondoble\/wp-json\/wp\/v2\/users\/36"}],"replies":[{"embeddable":true,"href":"https:\/\/humanidades.uprrp.edu\/visiondoble\/wp-json\/wp\/v2\/comments?post=4988"}],"version-history":[{"count":1,"href":"https:\/\/humanidades.uprrp.edu\/visiondoble\/wp-json\/wp\/v2\/posts\/4988\/revisions"}],"predecessor-version":[{"id":4990,"href":"https:\/\/humanidades.uprrp.edu\/visiondoble\/wp-json\/wp\/v2\/posts\/4988\/revisions\/4990"}],"wp:featuredmedia":[{"embeddable":true,"href":"https:\/\/humanidades.uprrp.edu\/visiondoble\/wp-json\/wp\/v2\/media\/4989"}],"wp:attachment":[{"href":"https:\/\/humanidades.uprrp.edu\/visiondoble\/wp-json\/wp\/v2\/media?parent=4988"}],"wp:term":[{"taxonomy":"category","embeddable":true,"href":"https:\/\/humanidades.uprrp.edu\/visiondoble\/wp-json\/wp\/v2\/categories?post=4988"},{"taxonomy":"post_tag","embeddable":true,"href":"https:\/\/humanidades.uprrp.edu\/visiondoble\/wp-json\/wp\/v2\/tags?post=4988"}],"curies":[{"name":"wp","href":"https:\/\/api.w.org\/{rel}","templated":true}]}}