{"id":4721,"date":"2015-04-15T16:36:04","date_gmt":"2015-04-15T20:36:04","guid":{"rendered":"http:\/\/humanidades.uprrp.edu\/visiondoble\/?p=4721"},"modified":"2021-11-23T12:03:44","modified_gmt":"2021-11-23T16:03:44","slug":"traer-la-guerra-a-casa","status":"publish","type":"post","link":"https:\/\/humanidades.uprrp.edu\/visiondoble\/traer-la-guerra-a-casa\/","title":{"rendered":"Traer la guerra a casa"},"content":{"rendered":"<p style=\"text-align: center;\">Francisco de Goya, <i>\u00bfQu\u00e9 alboroto es este?<\/i>, 1814.<span class=\"Apple-converted-space\">\u00a0<\/span><\/p>\n<p style=\"text-align: right;\"><span style=\"font-size: 120%; font-family: arial, helvetica, sans-serif;\">[spacer height=&#8221;20px&#8221;]<\/span><br \/>\n<strong><span style=\"font-size: 120%; font-family: arial, helvetica, sans-serif;\">Texto completo \/ Full text<\/span><\/strong><br \/>\n<span style=\"font-size: 120%; font-family: arial, helvetica, sans-serif;\"><a href=\"https:\/\/drive.google.com\/file\/d\/1ZOV41R5F80_Wm3WMVLFC7MSEklI3nzHi\/view?usp=sharing\"><strong>PDF<\/strong><\/a> \/ <a href=\"https:\/\/drive.google.com\/file\/d\/1VsgUainuqHagM8xLo2Kyb3j6MwJqvH2U\/view?usp=sharing\"><strong>ePUB<\/strong><\/a><\/span><\/p>\n<p><span style=\"font-family: arial, helvetica, sans-serif; font-size: 120%;\"><span class=\"Apple-converted-space\">\u00a0<\/span><b>T\u00edtulo<\/b>: Traer la guerra a casa<\/span><\/p>\n<p><span style=\"font-family: arial, helvetica, sans-serif; font-size: 120%;\"><b>Title<\/b>: Bringing the War Home<\/span><\/p>\n<p><span style=\"font-family: arial, helvetica, sans-serif; font-size: 120%;\"><b>Autor \/ Author<\/b>: Lilliana Ramos Collado<\/span><\/p>\n<p><span style=\"font-family: arial, helvetica, sans-serif; font-size: 120%;\">Universidad de Puerto Rico, Recinto de R\u00edo Piedras<\/span><\/p>\n<p style=\"text-align: justify;\"><span style=\"font-family: arial, helvetica, sans-serif; font-size: 120%;\"><b>Resumen<\/b>: Desde la colecci\u00f3n de arte de la Fundaci\u00f3n MAPFRE, llega al Museo de Arte de Puerto Rico la colecci\u00f3n \u00edntegra de la serie de grabados Desastres de la guerra, de Francisco de Goya y Lucientes. Los estragos y las desagarradoras consecuencias que provoc\u00f3 la Guerra de la Independencia Espa\u00f1ola se convierten en s\u00edmbolos universales del sufrimiento y de la crueldad que puede alcanzar el ser humano.<\/span><\/p>\n<p style=\"text-align: justify;\"><span style=\"font-family: arial, helvetica, sans-serif; font-size: 120%;\"><b>Abstract<\/b>: The Museo de Arte de Puerto is showing the complete edition of The Disasters of the War, by Francisco de Goya y Lucientes, from the collection of MAPFRE Foundation. The havoc and the heartbreaking consequences caused by the Spanish War of Independence become universal symbols of the suffering and cruelty that human beings can reach.<\/span><\/p>\n<p><span style=\"font-family: arial, helvetica, sans-serif; font-size: 120%;\"><b>Palabras clave<\/b>: Francisco de Goya, Grabado, Guerra, Museo de Arte de Puerto Rico, Fundaci\u00f3n MAPFRE, Lilliana Ramos Collado<\/span><\/p>\n<p><span style=\"font-family: arial, helvetica, sans-serif; font-size: 120%;\"><b>Keywords<\/b>: Francisco de Goya, Printmaking, War, Museo de Arte de Puerto Rico, MAPFRE Foundation, Lilliana Ramos Collado<\/span><\/p>\n<p><span style=\"font-family: arial, helvetica, sans-serif; font-size: 120%;\"><b>Secci\u00f3n<\/b>: Exhibiciones \/ <b>Section<\/b>: Exhibitions<\/span><\/p>\n<p><span style=\"font-family: arial, helvetica, sans-serif; font-size: 120%;\"><b>Publicaci\u00f3n: <\/b>15 de abril de 2015<\/span><\/p>\n<p><span style=\"font-family: arial, helvetica, sans-serif; font-size: 120%;\"><b>Cita recomendada: <\/b>Ramos Collado, Lilliana. \u201cTraer la guerra a casa\u201d, <i>Visi\u00f3n Doble: Revista de Cr\u00edtica e Historia del Arte<\/i>, 15 de abril de 2015, humanidades.uprrp.edu\/visi\u00f3ndoble<\/span><\/p>\n","protected":false},"excerpt":{"rendered":"<p>Resumen: Desde la colecci\u00f3n de arte de la Fundaci\u00f3n MAPFRE, llega al Museo de Arte de Puerto Rico la colecci\u00f3n \u00edntegra de la serie de grabados Desastres de la guerra, de Francisco de Goya y Lucientes. Los estragos y las desagarradoras consecuencias que provoc\u00f3 la Guerra de la Independencia Espa\u00f1ola se convierten en s\u00edmbolos universales del sufrimiento y de la crueldad que puede alcanzar el ser humano.<\/p>\n<p>Abstract: The Museo de Arte de Puerto is showing the complete edition of The Disasters of the War, by Francisco de Goya y Lucientes, from the collection of MAPFRE Foundation. The havoc and the heartbreaking consequences caused by the Spanish War of Independence become universal symbols of the suffering and cruelty that human beings can reach.<\/p>\n","protected":false},"author":79,"featured_media":4723,"comment_status":"closed","ping_status":"closed","sticky":false,"template":"","format":"standard","meta":{"footnotes":""},"categories":[3],"tags":[149,1366,461,1367,641],"class_list":["post-4721","post","type-post","status-publish","format-standard","has-post-thumbnail","hentry","category-exhibiciones","tag-grabado","tag-gustave-dore","tag-museo-de-arte-de-ponce","tag-pablo-perez-dors","tag-printmaking"],"_links":{"self":[{"href":"https:\/\/humanidades.uprrp.edu\/visiondoble\/wp-json\/wp\/v2\/posts\/4721","targetHints":{"allow":["GET"]}}],"collection":[{"href":"https:\/\/humanidades.uprrp.edu\/visiondoble\/wp-json\/wp\/v2\/posts"}],"about":[{"href":"https:\/\/humanidades.uprrp.edu\/visiondoble\/wp-json\/wp\/v2\/types\/post"}],"author":[{"embeddable":true,"href":"https:\/\/humanidades.uprrp.edu\/visiondoble\/wp-json\/wp\/v2\/users\/79"}],"replies":[{"embeddable":true,"href":"https:\/\/humanidades.uprrp.edu\/visiondoble\/wp-json\/wp\/v2\/comments?post=4721"}],"version-history":[{"count":4,"href":"https:\/\/humanidades.uprrp.edu\/visiondoble\/wp-json\/wp\/v2\/posts\/4721\/revisions"}],"predecessor-version":[{"id":4767,"href":"https:\/\/humanidades.uprrp.edu\/visiondoble\/wp-json\/wp\/v2\/posts\/4721\/revisions\/4767"}],"wp:featuredmedia":[{"embeddable":true,"href":"https:\/\/humanidades.uprrp.edu\/visiondoble\/wp-json\/wp\/v2\/media\/4723"}],"wp:attachment":[{"href":"https:\/\/humanidades.uprrp.edu\/visiondoble\/wp-json\/wp\/v2\/media?parent=4721"}],"wp:term":[{"taxonomy":"category","embeddable":true,"href":"https:\/\/humanidades.uprrp.edu\/visiondoble\/wp-json\/wp\/v2\/categories?post=4721"},{"taxonomy":"post_tag","embeddable":true,"href":"https:\/\/humanidades.uprrp.edu\/visiondoble\/wp-json\/wp\/v2\/tags?post=4721"}],"curies":[{"name":"wp","href":"https:\/\/api.w.org\/{rel}","templated":true}]}}