{"id":4716,"date":"2015-04-15T16:29:00","date_gmt":"2015-04-15T20:29:00","guid":{"rendered":"http:\/\/humanidades.uprrp.edu\/visiondoble\/?p=4716"},"modified":"2021-11-23T12:04:06","modified_gmt":"2021-11-23T16:04:06","slug":"la-maldicion-del-comic-la-historia-de-javier-rosa","status":"publish","type":"post","link":"https:\/\/humanidades.uprrp.edu\/visiondoble\/la-maldicion-del-comic-la-historia-de-javier-rosa\/","title":{"rendered":"La maldici\u00f3n del c\u00f3mic: La historia de Javier Rosa"},"content":{"rendered":"<p style=\"text-align: center;\">Javier Rosa, <i>Travesuras Boricuas <\/i>(detalle), 1987<\/p>\n[spacer height=&#8221;20px&#8221;]\n<p style=\"text-align: right;\"><strong><span style=\"font-size: 120%; font-family: arial, helvetica, sans-serif;\">Texto completo \/ Full text<\/span><\/strong><br \/>\n<strong><span style=\"font-size: 120%; font-family: arial, helvetica, sans-serif;\"><a href=\"https:\/\/drive.google.com\/file\/d\/1nOkbVoBrk7S2abT1E0Q9cTPZpdZXqNPY\/view?usp=sharing\">PDF<\/a> \/ <a href=\"https:\/\/drive.google.com\/file\/d\/1jr4nl5fGqkEFcZXnsyIMgVlN__xqLzks\/view?usp=sharing\">ePUB<\/a><\/span><\/strong><\/p>\n<p><span style=\"font-family: arial, helvetica, sans-serif; font-size: 120%;\"><b>T\u00edtulo<\/b>: La maldici\u00f3n del c\u00f3mic: La historia de Javier Rosa<\/span><\/p>\n<p><span style=\"font-family: arial, helvetica, sans-serif; font-size: 120%;\"><b>Title<\/b>: The Curse of the Comic Book: The Story of Javier Rosa<\/span><\/p>\n<p><span style=\"font-family: arial, helvetica, sans-serif; font-size: 120%;\"><b>Autor \/ Author<\/b>: Luis Jeft\u00e9 Lacourt<\/span><\/p>\n<p><span style=\"font-family: arial, helvetica, sans-serif; font-size: 120%;\">Periodista e investigador independiente<\/span><\/p>\n<p><span style=\"font-family: arial, helvetica, sans-serif; font-size: 120%;\"><b>Resumen<\/b>: La obra de Javier Rosa, aunque poco conocida, es un ejemplo del rico y creativo legado que muchos artistas han dejado en la historia del c\u00f3mic puertorrique\u00f1o. Autor de numerosas series que conjugan g\u00e9neros como el humor\u00edstico, el educativo o el er\u00f3tico, Rosa no ha parado de crear durante a\u00f1os y no descarta volver a publicar en el futuro.<\/span><\/p>\n<p><span style=\"font-family: arial, helvetica, sans-serif; font-size: 120%;\"><b>Abstract<\/b>: Although hardly known, the work of Javier Rosa is an example of the rich and creative legacy that many artists have left in the history of Puerto Rican comics. As the author of many series that combine genres such as humor, educational or erotic, Rosa has not stopped creating along the years and does not rule out publishing again in the future.<\/span><\/p>\n<p><span style=\"font-family: arial, helvetica, sans-serif; font-size: 120%;\"><b>Palabras clave<\/b>: C\u00f3mics, Javier Rosa, Puerto Rico, Legado, Luis Jeft\u00e9 Lacourt<\/span><\/p>\n<p><span style=\"font-family: arial, helvetica, sans-serif; font-size: 120%;\"><b>Keywords<\/b>: Comics, Javier Rosa, Puerto Rico, Legacy, Luis Jeft\u00e9 Lacourt<\/span><\/p>\n<p><span style=\"font-family: arial, helvetica, sans-serif; font-size: 120%;\"><b>Secci\u00f3n<\/b>: Entrevistas \/ <b>Section<\/b>: Interviews<\/span><\/p>\n<p><span style=\"font-family: arial, helvetica, sans-serif; font-size: 120%;\"><b>Publicaci\u00f3n: <\/b>15 de abril de 2015<\/span><\/p>\n<p><span style=\"font-family: arial, helvetica, sans-serif; font-size: 120%;\"><b>Cita recomendada: <\/b>Lacourt, Luis Jeft\u00e9. \u201cLa maldici\u00f3n del c\u00f3mic: La historia de Javier Rosa\u201d, <i>Visi\u00f3n Doble: Revista de Cr\u00edtica e Historia del Arte<\/i>, 15 de abril de 2015, humanidades.uprrp.edu\/visi\u00f3ndoble<\/span><\/p>\n","protected":false},"excerpt":{"rendered":"<p>Resumen: La obra de Javier Rosa, aunque poco conocida, es un ejemplo del rico y creativo legado que muchos artistas han dejado en la historia del c\u00f3mic puertorrique\u00f1o. Autor de numerosas series que conjugan g\u00e9neros como el humor\u00edstico, el educativo o el er\u00f3tico, Rosa no ha parado de crear durante a\u00f1os y no descarta volver a publicar en el futuro.<\/p>\n<p>Abstract: Although hardly known, the work of Javier Rosa is an example of the rich and creative legacy that many artists have left in the history of Puerto Rican comics. As the author of many series that combine genres such as humor, educational or erotic, Rosa has not stopped creating along the years and does not rule out publishing again in the future.<\/p>\n","protected":false},"author":139,"featured_media":4719,"comment_status":"closed","ping_status":"closed","sticky":false,"template":"","format":"standard","meta":{"footnotes":""},"categories":[8],"tags":[738,1363,1364,1365,745,295],"class_list":["post-4716","post","type-post","status-publish","format-standard","has-post-thumbnail","hentry","category-entrevistas","tag-comics","tag-javier-rosa","tag-legacy","tag-legado","tag-luis-jefte-lacourt","tag-puerto-rico"],"_links":{"self":[{"href":"https:\/\/humanidades.uprrp.edu\/visiondoble\/wp-json\/wp\/v2\/posts\/4716","targetHints":{"allow":["GET"]}}],"collection":[{"href":"https:\/\/humanidades.uprrp.edu\/visiondoble\/wp-json\/wp\/v2\/posts"}],"about":[{"href":"https:\/\/humanidades.uprrp.edu\/visiondoble\/wp-json\/wp\/v2\/types\/post"}],"author":[{"embeddable":true,"href":"https:\/\/humanidades.uprrp.edu\/visiondoble\/wp-json\/wp\/v2\/users\/139"}],"replies":[{"embeddable":true,"href":"https:\/\/humanidades.uprrp.edu\/visiondoble\/wp-json\/wp\/v2\/comments?post=4716"}],"version-history":[{"count":3,"href":"https:\/\/humanidades.uprrp.edu\/visiondoble\/wp-json\/wp\/v2\/posts\/4716\/revisions"}],"predecessor-version":[{"id":4768,"href":"https:\/\/humanidades.uprrp.edu\/visiondoble\/wp-json\/wp\/v2\/posts\/4716\/revisions\/4768"}],"wp:featuredmedia":[{"embeddable":true,"href":"https:\/\/humanidades.uprrp.edu\/visiondoble\/wp-json\/wp\/v2\/media\/4719"}],"wp:attachment":[{"href":"https:\/\/humanidades.uprrp.edu\/visiondoble\/wp-json\/wp\/v2\/media?parent=4716"}],"wp:term":[{"taxonomy":"category","embeddable":true,"href":"https:\/\/humanidades.uprrp.edu\/visiondoble\/wp-json\/wp\/v2\/categories?post=4716"},{"taxonomy":"post_tag","embeddable":true,"href":"https:\/\/humanidades.uprrp.edu\/visiondoble\/wp-json\/wp\/v2\/tags?post=4716"}],"curies":[{"name":"wp","href":"https:\/\/api.w.org\/{rel}","templated":true}]}}