{"id":4422,"date":"2015-03-15T11:04:32","date_gmt":"2015-03-15T15:04:32","guid":{"rendered":"http:\/\/humanidades.uprrp.edu\/visiondoble\/?p=4422"},"modified":"2021-11-23T12:06:09","modified_gmt":"2021-11-23T16:06:09","slug":"la-practica-atrevida-pasado-y-presente-de-las-curadurias-en-puerto-rico","status":"publish","type":"post","link":"https:\/\/humanidades.uprrp.edu\/visiondoble\/la-practica-atrevida-pasado-y-presente-de-las-curadurias-en-puerto-rico\/","title":{"rendered":"La pr\u00e1ctica atrevida: pasado y presente de las curadur\u00edas en Puerto Rico"},"content":{"rendered":"<p style=\"text-align: center;\">Antonio Navia: <i>Obras <\/i>1974-1984, Museo de Historia, Antropolog\u00eda y Arte de la UPR-Recinto de R\u00edo Piedras, 1985. Foto: Nelson Rivera.<\/p>\n[spacer height=&#8221;20px&#8221;]\n<p style=\"text-align: right;\"><strong><span style=\"font-size: 120%; font-family: arial, helvetica, sans-serif;\">Texto completo \/ Full text<\/span><\/strong><br \/>\n<span style=\"font-size: 120%; font-family: arial, helvetica, sans-serif;\"><a href=\"https:\/\/drive.google.com\/file\/d\/1unX7Aw9ZyNn8WqFRkvEAv2KRyZbMAjHI\/view?usp=sharing\"><strong>PDF<\/strong><\/a> \/ <a href=\"https:\/\/drive.google.com\/file\/d\/18F75NXzrKSsdyA7IESmCplcNgDAHISg7\/view?usp=sharing\"><strong>ePUB<\/strong><\/a><\/span><\/p>\n<p>&nbsp;<\/p>\n<p><span style=\"font-family: arial, helvetica, sans-serif; font-size: 120%;\"><b>T\u00edtulo<\/b>: La pr\u00e1ctica atrevida: pasado y presente de las curadur\u00edas en Puerto Rico<\/span><\/p>\n<p><span style=\"font-family: arial, helvetica, sans-serif; font-size: 120%;\"><b>Title<\/b>: The Daring Practice: Past and Present of Curating in Puerto Rico<\/span><\/p>\n<p><span style=\"font-family: arial, helvetica, sans-serif; font-size: 120%;\"><b>Autor \/ Author<\/b>: Sabrina Ramos<span class=\"Apple-converted-space\">\u00a0<\/span><\/span><\/p>\n<p><span style=\"font-family: arial, helvetica, sans-serif; font-size: 120%;\">Curadora y Cr\u00edtica del Arte Independiente<\/span><\/p>\n<p><span style=\"font-family: arial, helvetica, sans-serif; font-size: 120%;\"><b>Resumen<\/b>: El prol\u00edfico autor Nelson Rivera comparte sus experencias como curador, su perspectiva sobre las caracter\u00edsticas de la curadur\u00eda y sus memorias sobre la historia de esta pr\u00e1ctica en Puerto Rico desde los a\u00f1os ochenta.<span class=\"Apple-converted-space\">\u00a0<\/span><\/span><\/p>\n<p><span style=\"font-family: arial, helvetica, sans-serif; font-size: 120%;\"><b>Abstract<\/b>: The prolific author Nelson Rivera shares his experiences as a curator, his perspective on the characteristics of curatorship, and his memories on the history of this practice in Puerto Rico since the 1980s.<\/span><\/p>\n<p><span style=\"font-family: arial, helvetica, sans-serif; font-size: 120%;\"><b>Palabras clave<\/b>: Curadur\u00eda, Exhibiciones, Puerto Rico, Nelson Rivera, Sabrina Ramos<\/span><\/p>\n<p><span style=\"font-family: arial, helvetica, sans-serif; font-size: 120%;\"><b>Keywords<\/b>: Curatorship, Exhibitions, Puerto Rico, Nelson Rivera, Sabrina Ramos<\/span><\/p>\n<p><span style=\"font-family: arial, helvetica, sans-serif; font-size: 120%;\"><b>Secci\u00f3n<\/b>: Entrevistas \/ <b>Section<\/b>: Interviews<\/span><\/p>\n<p><span style=\"font-family: arial, helvetica, sans-serif; font-size: 120%;\"><b>Publicaci\u00f3n: <\/b>15 de marzo de 2015<\/span><\/p>\n<p><span style=\"font-family: arial, helvetica, sans-serif; font-size: 120%;\"><b>Cita recomendada: <\/b>Ramos, Sabrina. \u201cLa pr\u00e1ctica atrevida: pasado y presente de las curadur\u00edas en Puerto Rico\u201d, <i>Visi\u00f3n Doble: Revista de Cr\u00edtica e Historia del Arte<\/i>, 15 de marzo de 2015, humanidades.uprrp.edu\/visi\u00f3ndoble<\/span><\/p>\n","protected":false},"excerpt":{"rendered":"<p>Resumen: El prol\u00edfico autor Nelson Rivera comparte sus experencias como curador, su perspectiva sobre las caracter\u00edsticas de la curadur\u00eda y sus memorias sobre la historia de esta pr\u00e1ctica en Puerto Rico desde los a\u00f1os ochenta.\u00a0<\/p>\n<p>Abstract: The prolific author Nelson Rivera shares his experiences as a curator, his perspective on the characteristics of curatorship, and his memories on the history of this practice in Puerto Rico since the 1980s.<\/p>\n","protected":false},"author":112,"featured_media":4423,"comment_status":"closed","ping_status":"closed","sticky":false,"template":"","format":"standard","meta":{"footnotes":""},"categories":[8],"tags":[1342,1344,1343,1345,943,295,735],"class_list":["post-4422","post","type-post","status-publish","format-standard","has-post-thumbnail","hentry","category-entrevistas","tag-curaduria","tag-curatorship","tag-exhibiciones","tag-exhibitions","tag-nelson-rivera","tag-puerto-rico","tag-sabrina-ramos"],"_links":{"self":[{"href":"https:\/\/humanidades.uprrp.edu\/visiondoble\/wp-json\/wp\/v2\/posts\/4422","targetHints":{"allow":["GET"]}}],"collection":[{"href":"https:\/\/humanidades.uprrp.edu\/visiondoble\/wp-json\/wp\/v2\/posts"}],"about":[{"href":"https:\/\/humanidades.uprrp.edu\/visiondoble\/wp-json\/wp\/v2\/types\/post"}],"author":[{"embeddable":true,"href":"https:\/\/humanidades.uprrp.edu\/visiondoble\/wp-json\/wp\/v2\/users\/112"}],"replies":[{"embeddable":true,"href":"https:\/\/humanidades.uprrp.edu\/visiondoble\/wp-json\/wp\/v2\/comments?post=4422"}],"version-history":[{"count":1,"href":"https:\/\/humanidades.uprrp.edu\/visiondoble\/wp-json\/wp\/v2\/posts\/4422\/revisions"}],"predecessor-version":[{"id":4424,"href":"https:\/\/humanidades.uprrp.edu\/visiondoble\/wp-json\/wp\/v2\/posts\/4422\/revisions\/4424"}],"wp:featuredmedia":[{"embeddable":true,"href":"https:\/\/humanidades.uprrp.edu\/visiondoble\/wp-json\/wp\/v2\/media\/4423"}],"wp:attachment":[{"href":"https:\/\/humanidades.uprrp.edu\/visiondoble\/wp-json\/wp\/v2\/media?parent=4422"}],"wp:term":[{"taxonomy":"category","embeddable":true,"href":"https:\/\/humanidades.uprrp.edu\/visiondoble\/wp-json\/wp\/v2\/categories?post=4422"},{"taxonomy":"post_tag","embeddable":true,"href":"https:\/\/humanidades.uprrp.edu\/visiondoble\/wp-json\/wp\/v2\/tags?post=4422"}],"curies":[{"name":"wp","href":"https:\/\/api.w.org\/{rel}","templated":true}]}}