{"id":4133,"date":"2018-02-15T00:00:47","date_gmt":"2018-02-15T04:00:47","guid":{"rendered":"http:\/\/humanidades.uprrp.edu\/visiondoble\/?p=4133"},"modified":"2021-11-23T01:23:12","modified_gmt":"2021-11-23T05:23:12","slug":"shipwrecked-and-drowning-adal-maldonados-puerto-ricans-underwater","status":"publish","type":"post","link":"https:\/\/humanidades.uprrp.edu\/visiondoble\/shipwrecked-and-drowning-adal-maldonados-puerto-ricans-underwater\/","title":{"rendered":"Shipwrecked and Drowning: Ad\u00e1l Maldonado\u2019s Puerto Ricans Underwater"},"content":{"rendered":"<p style=\"text-align: right;\"><strong><span style=\"font-family: arial, helvetica, sans-serif; font-size: 120%;\">Texto completo \/ Full Text<\/span><\/strong><br \/>\n<span style=\"font-family: arial, helvetica, sans-serif; font-size: 120%;\"><strong><a href=\"https:\/\/drive.google.com\/file\/d\/1bi-SI4QudZ-Aifz682fPSCBeTSvQO-JP\/view?usp=sharing\">PDF<\/a><\/strong> \/ <strong><a href=\"https:\/\/drive.google.com\/file\/d\/1LBdC8hKkTgbo9AqCAl2_x1vuR1PoaR1M\/view?usp=sharing\">ePUB<\/a><\/strong><\/span><\/p>\n<p style=\"text-align: justify;\"><span style=\"font-family: arial, helvetica, sans-serif; font-size: 120%;\"><strong>T\u00edtulo:<\/strong> Naufragado y ahogado: los puertorrique\u00f1os de Ad\u00e1l Maldonado bajo el agua <\/span><\/p>\n<p style=\"text-align: justify;\"><span style=\"font-family: arial, helvetica, sans-serif; font-size: 120%;\"><strong>Title:<\/strong> Shipwrecked and Drowning: Ad\u00e1l Maldonado\u2019s Puerto Ricans Underwater<\/span><\/p>\n<p style=\"text-align: justify;\"><span style=\"font-family: arial, helvetica, sans-serif; font-size: 120%;\"><strong>Autor \/ Author:<\/strong> Mercedes Trelles<\/span><br \/>\n<span style=\"font-family: arial, helvetica, sans-serif; font-size: 120%;\">Programa de Historia del Arte, Facultad de Humanidades, Universidad de Puerto Rico, Recinto de R\u00edo Piedras<\/span><\/p>\n<p style=\"text-align: justify;\"><span style=\"font-family: arial, helvetica, sans-serif; font-size: 120%;\"><strong>Resumen:<\/strong> El libro <em>Puerto Ricans Underwater<\/em>, de Ad\u00e1l Maldonado, publicado a fines del a\u00f1o pasado con un dise\u00f1o de Bold Destrou, re\u00fane una serie de fotograf\u00edas que el artista ha tomado desde 2016 y que han aparecido de manera intermitente en las redes sociales. En este proyecto, Ad\u00e1l ha retratado una colecci\u00f3n de personajes, tanto amigos como extra\u00f1os, inmersos en la ba\u00f1era de su hogar en Santurce. Aunque Ad\u00e1l inicialmente intent\u00f3 explorar tanto la condici\u00f3n colonial de Puerto Rico como su dif\u00edcil situaci\u00f3n socioecon\u00f3mica, es inevitable vincular estas im\u00e1genes con las circunstancias actuales de la isla dada la devastaci\u00f3n causada por los huracanes Irma y Mar\u00eda en septiembre de 2017.<\/span><\/p>\n<p style=\"text-align: justify;\"><span style=\"font-family: arial, helvetica, sans-serif; font-size: 120%;\"><strong>Abstract:<\/strong> The book <em>Puerto Ricans Underwater<\/em>, by Ad\u00e1l Maldonado, published late last year with a design by Bold Destrou, brings together a series of photographs which the artist has been taking since 2016, and which have appeared intermittently on social media. In this project, Ad\u00e1l has portrayed a collection of characters\u2014friends as well as strangers\u2014immersed in the bathtub of his Santurce home. Although Ad\u00e1l initially sought to explore both the colonial condition of Puerto Rico and its difficult socio-economic situation, it is inevitable to link these images with the island\u2019s current circumstances given the devastation brought by hurricanes Irma and Maria in September 2017.<\/span><\/p>\n<p style=\"text-align: justify;\"><span style=\"font-family: arial, helvetica, sans-serif; font-size: 120%;\"><strong>Palabras clave:<\/strong> Ad\u00e1l Maldonado, Adriana Santiago, Alexandra Soliel, Andrea Pilar, Bold Destrou, Hyppolite Bayard, Ozzie Forbes, Photography, Puerto Ricans Underwater, Saribel de Palma, Mercedes Trelles <\/span><\/p>\n<p style=\"text-align: justify;\"><span style=\"font-family: arial, helvetica, sans-serif; font-size: 120%;\"><strong>Keywords:<\/strong> Ad\u00e1l Maldonado, Adriana Santiago, Alexandra Soliel, Andrea Pilar, Bold Destrou, Hyppolite Bayard, Ozzie Forbes, Fotograf\u00eda, Puerto Ricans Underwater, Saribel de Palma, Mercedes Trelles<\/span><\/p>\n<p style=\"text-align: justify;\"><span style=\"font-family: arial, helvetica, sans-serif; font-size: 120%;\"><strong>Secci\u00f3n:<\/strong> English \/ <strong>Section:<\/strong> English<\/span><\/p>\n<p style=\"text-align: justify;\"><span style=\"font-family: arial, helvetica, sans-serif; font-size: 120%;\"><strong>Publicaci\u00f3n:<\/strong> 15 de febrero de 2018<\/span><\/p>\n<p style=\"text-align: justify;\"><strong><span style=\"font-family: arial, helvetica, sans-serif; font-size: 120%;\">Cita recomendada:<\/span><span>\u00a0<\/span><\/strong><span style=\"font-family: arial, helvetica, sans-serif; font-size: 120%;\">Trelles, Mercedes. \u201cShipwrecked and Drowning: Ad\u00e1l Maldonado\u2019s Puerto Ricans Underwater.\u201d <em>Visi\u00f3n Doble: Revista de Cr\u00edtica e Historia del Arte<\/em>, 15 de febrero de 2020, humanidades.uprrp.edu\/visi\u00f3ndoble<\/span><\/p>\n","protected":false},"excerpt":{"rendered":"<p>Resumen: El libro Puerto Ricans Underwater, de Ad\u00e1l Maldonado, publicado a fines del a\u00f1o pasado con un dise\u00f1o de Bold Destrou, re\u00fane una serie de fotograf\u00edas que el artista ha tomado desde 2016 y que han aparecido de manera intermitente en las redes sociales. En este proyecto, Ad\u00e1l ha retratado una colecci\u00f3n de personajes, tanto amigos como extra\u00f1os, inmersos en la ba\u00f1era de su hogar en Santurce. Aunque Ad\u00e1l inicialmente intent\u00f3 explorar tanto la condici\u00f3n colonial de Puerto Rico como su dif\u00edcil situaci\u00f3n socioecon\u00f3mica, es inevitable vincular estas im\u00e1genes con las circunstancias actuales de la isla dada la devastaci\u00f3n causada por los huracanes Irma y Mar\u00eda en septiembre de 2017.<\/p>\n<p>Abstract: The book Puerto Ricans Underwater, by Ad\u00e1l Maldonado, published late last year with a design by Bold Destrou, brings together a series of photographs which the artist has been taking since 2016, and which have appeared intermittently on social media. In this project, Ad\u00e1l has portrayed a collection of characters\u2014friends as well as strangers\u2014immersed in the bathtub of his Santurce home. Although Ad\u00e1l initially sought to explore both the colonial condition of Puerto Rico and its difficult socio-economic situation, it is inevitable to link these images with the island\u2019s current circumstances given the devastation brought by hurricanes Irma and Maria in September 2017.<\/p>\n","protected":false},"author":94,"featured_media":4134,"comment_status":"closed","ping_status":"closed","sticky":false,"template":"","format":"standard","meta":{"footnotes":""},"categories":[9],"tags":[223,224,225,226,227,228,1282,638,232,343,1191,234],"class_list":["post-4133","post","type-post","status-publish","format-standard","has-post-thumbnail","hentry","category-front","tag-adal-maldonado","tag-adriana-santiago","tag-alexandra-soliel","tag-andrea-pilar","tag-bold-destrou","tag-fotografia","tag-hyppolite-bayard","tag-mercedes-trelles","tag-ozzie-forbes","tag-photography","tag-puerto-ricans-underwater","tag-saribel-de-palma"],"_links":{"self":[{"href":"https:\/\/humanidades.uprrp.edu\/visiondoble\/wp-json\/wp\/v2\/posts\/4133","targetHints":{"allow":["GET"]}}],"collection":[{"href":"https:\/\/humanidades.uprrp.edu\/visiondoble\/wp-json\/wp\/v2\/posts"}],"about":[{"href":"https:\/\/humanidades.uprrp.edu\/visiondoble\/wp-json\/wp\/v2\/types\/post"}],"author":[{"embeddable":true,"href":"https:\/\/humanidades.uprrp.edu\/visiondoble\/wp-json\/wp\/v2\/users\/94"}],"replies":[{"embeddable":true,"href":"https:\/\/humanidades.uprrp.edu\/visiondoble\/wp-json\/wp\/v2\/comments?post=4133"}],"version-history":[{"count":4,"href":"https:\/\/humanidades.uprrp.edu\/visiondoble\/wp-json\/wp\/v2\/posts\/4133\/revisions"}],"predecessor-version":[{"id":4659,"href":"https:\/\/humanidades.uprrp.edu\/visiondoble\/wp-json\/wp\/v2\/posts\/4133\/revisions\/4659"}],"wp:featuredmedia":[{"embeddable":true,"href":"https:\/\/humanidades.uprrp.edu\/visiondoble\/wp-json\/wp\/v2\/media\/4134"}],"wp:attachment":[{"href":"https:\/\/humanidades.uprrp.edu\/visiondoble\/wp-json\/wp\/v2\/media?parent=4133"}],"wp:term":[{"taxonomy":"category","embeddable":true,"href":"https:\/\/humanidades.uprrp.edu\/visiondoble\/wp-json\/wp\/v2\/categories?post=4133"},{"taxonomy":"post_tag","embeddable":true,"href":"https:\/\/humanidades.uprrp.edu\/visiondoble\/wp-json\/wp\/v2\/tags?post=4133"}],"curies":[{"name":"wp","href":"https:\/\/api.w.org\/{rel}","templated":true}]}}