{"id":3677,"date":"2014-03-15T00:00:43","date_gmt":"2014-03-15T04:00:43","guid":{"rendered":"http:\/\/humanidades.uprrp.edu\/visiondoble\/?p=3677"},"modified":"2021-11-23T12:19:51","modified_gmt":"2021-11-23T16:19:51","slug":"museo-de-historia-antropologia-y-arte-de-la-upr-despues-de-la-acreditacion","status":"publish","type":"post","link":"https:\/\/humanidades.uprrp.edu\/visiondoble\/museo-de-historia-antropologia-y-arte-de-la-upr-despues-de-la-acreditacion\/","title":{"rendered":"Museo de Historia, Antropolog\u00eda y Arte de la UPR: despu\u00e9s de la acreditaci\u00f3n"},"content":{"rendered":"<p style=\"text-align: right;\"><strong><span style=\"font-family: arial, helvetica, sans-serif; font-size: 120%;\">Texto completo \/ Full Text<\/span><\/strong><br \/>\n<span style=\"font-family: arial, helvetica, sans-serif; font-size: 120%;\"><strong><a href=\"https:\/\/drive.google.com\/file\/d\/1fswtCBkmDcSksC_qRWEfeUAhw29Pv-Xr\/view?usp=sharing\">PDF<\/a><\/strong> \/ <strong><a href=\"https:\/\/drive.google.com\/file\/d\/1qoBh3gowllk30MGnYivokFjlEi7y-X1K\/view?usp=sharing\">ePUB<\/a><\/strong><\/span><\/p>\n<p style=\"text-align: justify;\"><span style=\"font-family: arial, helvetica, sans-serif; font-size: 120%;\"><strong>T\u00edtulo:<\/strong> Museo de Historia, Antropolog\u00eda y Arte de la UPR: despu\u00e9s de la acreditaci\u00f3n<\/span><\/p>\n<p style=\"text-align: justify;\"><span style=\"font-family: arial, helvetica, sans-serif; font-size: 120%;\"><strong>Title:<\/strong> Museum of History, Anthropology and Art of the UPR: After Accreditation<\/span><\/p>\n<p style=\"text-align: justify;\"><span style=\"font-family: arial, helvetica, sans-serif; font-size: 120%;\"><strong>Autor \/ Author:<\/strong> Raquel Torres Arzola<\/span><br \/>\n<span style=\"font-family: arial, helvetica, sans-serif; font-size: 120%;\">Universidad de Puerto Rico, Recinto de R\u00edo Piedras<\/span><\/p>\n<p style=\"text-align: justify;\"><span style=\"font-family: arial, helvetica, sans-serif; font-size: 120%;\"><strong>Resumen:<\/strong> El Museo de Historia, Antropolog\u00eda y Arte de la Universidad de Puerto Rico, Recinto de R\u00edo Piedras, es el primer museo universitario en Puerto Rico que ha logrado la acreditaci\u00f3n de la American Alliance of Museums (AAM). Con motivo de este reconocimiento, una entrevista a su directora, Flavia Marichal, desvela los retos del proceso y sus perspectivas de futuro.<\/span><\/p>\n<p style=\"text-align: justify;\"><span style=\"font-family: arial, helvetica, sans-serif; font-size: 120%;\"><strong>Abstract:<\/strong> Museum of History, Anthropology and Art of the University of Puerto Rico, R\u00edo Piedras Campus is the first university museum in Puerto Rico to achieve accreditation by the American Alliance of Museums (AAM). On the occation of this recognition, an interview with its director, Flavia Marichal, reveals the challenges of the process and its future prospects.<\/span><\/p>\n<p style=\"text-align: justify;\"><span style=\"font-family: arial, helvetica, sans-serif; font-size: 120%;\"><strong>Palabras clave:<\/strong> Museo de Historia Antropolog\u00eda y Arte de la Universidad de Puerto Rico, Museos de arte, Raquel Torres Arzola \/ <strong>Keywords:<\/strong> Art Museums, Museo de Historia Antropolog\u00eda y Arte de la Universidad de Puerto Rico, Raquel Torres Arzola<\/span><\/p>\n<p style=\"text-align: justify;\"><span style=\"font-family: arial, helvetica, sans-serif; font-size: 120%;\"><strong>Secci\u00f3n:<\/strong> Entrevistas \/ <strong>Section:<\/strong> Interviews<\/span><\/p>\n<p style=\"text-align: justify;\"><span style=\"font-family: arial, helvetica, sans-serif; font-size: 120%;\"><strong>Publicaci\u00f3n:<\/strong> 15 de marzo de 2014<\/span><\/p>\n<p style=\"text-align: justify;\"><strong><span style=\"font-family: arial, helvetica, sans-serif; font-size: 120%;\">Cita recomendada:<\/span><span>\u00a0<\/span><\/strong><span style=\"font-family: arial, helvetica, sans-serif; font-size: 120%;\">Torres Arsola, Raquel. \u201cMuseo de Historia, Antropolog\u00eda y Arte de la UPR: despu\u00e9s de la acreditaci\u00f3n\u201d, <em>Visi\u00f3n Doble: Revista de Cr\u00edtica e Historia del Arte<\/em>, 15 de marzo de 2014, humanidades.uprrp.edu\/visi\u00f3ndoble<\/span><\/p>\n","protected":false},"excerpt":{"rendered":"<p>Resumen: El Museo de Historia, Antropolog\u00eda y Arte de la Universidad de Puerto Rico, Recinto de R\u00edo Piedras, es el primer museo universitario en Puerto Rico que ha logrado la acreditaci\u00f3n de la American Alliance of Museums (AAM). Con motivo de este reconocimiento, una entrevista a su directora, Flavia Marichal, desvela los retos del proceso y sus perspectivas de futuro. <\/p>\n<p>Abstract: Museum of History, Anthropology and Art of the University of Puerto Rico, R\u00edo Piedras Campus is the first university museum in Puerto Rico to achieve accreditation by the American Alliance of Museums (AAM). On the occation of this recognition, an interview with its director, Flavia Marichal, reveals the challenges of the process and its future prospects.<\/p>\n","protected":false},"author":107,"featured_media":3678,"comment_status":"closed","ping_status":"closed","sticky":false,"template":"","format":"standard","meta":{"footnotes":""},"categories":[8],"tags":[1337,1117,804,1116,712],"class_list":["post-3677","post","type-post","status-publish","format-standard","has-post-thumbnail","hentry","category-entrevistas","tag-american-alliance-of-museums","tag-art-museums","tag-museo-de-historia-antropologia-y-arte-de-la-universidad-de-puerto-rico","tag-museos-de-arte","tag-raquel-torres-arzola"],"_links":{"self":[{"href":"https:\/\/humanidades.uprrp.edu\/visiondoble\/wp-json\/wp\/v2\/posts\/3677","targetHints":{"allow":["GET"]}}],"collection":[{"href":"https:\/\/humanidades.uprrp.edu\/visiondoble\/wp-json\/wp\/v2\/posts"}],"about":[{"href":"https:\/\/humanidades.uprrp.edu\/visiondoble\/wp-json\/wp\/v2\/types\/post"}],"author":[{"embeddable":true,"href":"https:\/\/humanidades.uprrp.edu\/visiondoble\/wp-json\/wp\/v2\/users\/107"}],"replies":[{"embeddable":true,"href":"https:\/\/humanidades.uprrp.edu\/visiondoble\/wp-json\/wp\/v2\/comments?post=3677"}],"version-history":[{"count":6,"href":"https:\/\/humanidades.uprrp.edu\/visiondoble\/wp-json\/wp\/v2\/posts\/3677\/revisions"}],"predecessor-version":[{"id":4599,"href":"https:\/\/humanidades.uprrp.edu\/visiondoble\/wp-json\/wp\/v2\/posts\/3677\/revisions\/4599"}],"wp:featuredmedia":[{"embeddable":true,"href":"https:\/\/humanidades.uprrp.edu\/visiondoble\/wp-json\/wp\/v2\/media\/3678"}],"wp:attachment":[{"href":"https:\/\/humanidades.uprrp.edu\/visiondoble\/wp-json\/wp\/v2\/media?parent=3677"}],"wp:term":[{"taxonomy":"category","embeddable":true,"href":"https:\/\/humanidades.uprrp.edu\/visiondoble\/wp-json\/wp\/v2\/categories?post=3677"},{"taxonomy":"post_tag","embeddable":true,"href":"https:\/\/humanidades.uprrp.edu\/visiondoble\/wp-json\/wp\/v2\/tags?post=3677"}],"curies":[{"name":"wp","href":"https:\/\/api.w.org\/{rel}","templated":true}]}}