{"id":3392,"date":"2014-01-15T00:00:21","date_gmt":"2014-01-15T04:00:21","guid":{"rendered":"http:\/\/humanidades.uprrp.edu\/visiondoble\/?p=3392"},"modified":"2021-11-23T12:23:26","modified_gmt":"2021-11-23T16:23:26","slug":"behind-closed-doors-jose-campeche-y-francisco-oller-en-el-museo-de-brooklyn","status":"publish","type":"post","link":"https:\/\/humanidades.uprrp.edu\/visiondoble\/behind-closed-doors-jose-campeche-y-francisco-oller-en-el-museo-de-brooklyn\/","title":{"rendered":"Behind Closed Doors: Jos\u00e9 Campeche y Francisco Oller en el Museo de Brooklyn"},"content":{"rendered":"<p style=\"text-align: right;\"><strong><span style=\"font-family: arial, helvetica, sans-serif; font-size: 120%;\">Texto completo \/ Full Text<\/span><\/strong><br \/>\n<strong><span style=\"font-family: arial, helvetica, sans-serif; font-size: 120%;\"><a href=\"https:\/\/drive.google.com\/file\/d\/1JjBvaMyY4v9YVDTT1ltB-TmYNqKDKY1K\/view?usp=sharing\">PDF<\/a> \/ <a href=\"https:\/\/drive.google.com\/file\/d\/1CpPrs4u9yrO8kgX1Q8iesnTP4O2_sbeC\/view?usp=sharing\">ePUB<\/a><\/span><\/strong><\/p>\n<p><span style=\"font-family: arial, helvetica, sans-serif; font-size: 120%;\"><strong>T\u00edtulo:<\/strong> Behind Closed Doors: Jos\u00e9 Campeche y Francisco Oller en el Museo de Brooklyn <\/span><\/p>\n<p><span style=\"font-family: arial, helvetica, sans-serif; font-size: 120%;\"><strong>Title:<\/strong> Behind Closed Doors: Jos\u00e9 Campeche and Francisco Oller at the Brooklyn Museum<br \/>\n<\/span><\/p>\n<p><span style=\"font-family: arial, helvetica, sans-serif; font-size: 120%;\"><strong>Autor \/ Author:<\/strong> Elsaris N\u00fa\u00f1ez<\/span><br \/>\n<span style=\"font-family: arial, helvetica, sans-serif; font-size: 120%;\">Museo Franz Mayer<\/span><\/p>\n<p style=\"text-align: justify;\"><span style=\"font-family: arial, helvetica, sans-serif; font-size: 120%;\"><strong>Resumen:<\/strong> Entender las im\u00e1genes y los artefactos a trav\u00e9s de su funci\u00f3n dentro de su contexto espacial y cultural es la premisa que parece guiar la propuesta curatorial de la exhibici\u00f3n <em>Behind Closed Doors: Art in the Spanish American Home, 1492-1898.<\/em> La muestra examina las producciones art\u00edsticas destinadas al uso dom\u00e9stico dentro del contexto de las casas de los miembros de las \u00e9lites en los virreinatos de Am\u00e9rica y en los territorios del Caribe hisp\u00e1nico, entre las que se incluyen obras de Jos\u00e9 Campeche y Francisco Oller.<\/span><\/p>\n<p style=\"text-align: justify;\"><span style=\"font-family: arial, helvetica, sans-serif; font-size: 120%;\"><strong>Abstract:<\/strong> Understanding images and artifacts through their purpose within their spatial and cultural context is the premise that seems to guide the curatorial proposal of the exhibition <em>Behind Closed Doors: Art in the Spanish American Home, 1492-1898.<\/em> The exhibition examines the artistic productions destined for domestic use within the context of the homes of elite members in the vice-royalties of America and the territories of the Hispanic Caribbean, including works by Jos\u00e9 Campeche and Francisco Oller.<\/span><\/p>\n<p style=\"text-align: justify;\"><span style=\"font-family: arial, helvetica, sans-serif; font-size: 120%;\"><strong>Palabras clave:<\/strong> Brooklyn Museum, Elsaris N\u00fa\u00f1ez, Francisco Oller, Jos\u00e9 Campeche, New Orleans Museum of Art, Pintura, The Albuquerque Museum of Art and History, The John and Mable Ringling Museum of Art <\/span><\/p>\n<p style=\"text-align: justify;\"><span style=\"font-family: arial, helvetica, sans-serif; font-size: 120%;\"><strong>Keywords:<\/strong> Brooklyn Museum, Elsaris N\u00fa\u00f1ez, Francisco Oller, Jos\u00e9 Campeche, New Orleans Museum of Art, Painting, The Albuquerque Museum of Art and History, The John and Mable Ringling Museum of Art<\/span><\/p>\n<p style=\"text-align: justify;\"><span style=\"font-family: arial, helvetica, sans-serif; font-size: 120%;\"><strong>Secci\u00f3n:<\/strong> Exhibiciones \/ <strong>Section:<\/strong> Exhibitions<\/span><\/p>\n<p style=\"text-align: justify;\"><span style=\"font-family: arial, helvetica, sans-serif; font-size: 120%;\"><strong>Publicaci\u00f3n:<\/strong> 15 de enero de 2014<\/span><\/p>\n<p style=\"text-align: justify;\"><strong><span style=\"font-family: arial, helvetica, sans-serif; font-size: 120%;\">Cita recomendada:<\/span><\/strong><br \/>\n<span style=\"font-family: arial, helvetica, sans-serif; font-size: 120%;\">Nu\u00f1ez, Elsaris. \u201cBehind Closed Doors: Jos\u00e9 Campeche y Francisco Oller en el Museo de Brooklyn\u201d, <em>Visi\u00f3n Doble: Revista de Cr\u00edtica e Historia del Arte<\/em>, 15 de enero de 2014, humanidades.uprrp.edu\/visiondoble<\/span><\/p>\n","protected":false},"excerpt":{"rendered":"<p>Resumen: Entender las im\u00e1genes y los artefactos a trav\u00e9s de su funci\u00f3n dentro de su contexto espacial y cultural es la premisa que parece guiar la propuesta curatorial de la exhibici\u00f3n Behind Closed Doors: Art in the Spanish American Home, 1492-1898. La muestra examina las producciones art\u00edsticas destinadas al uso dom\u00e9stico dentro del contexto de las casas de los miembros de las \u00e9lites en los virreinatos de Am\u00e9rica y en los territorios del Caribe hisp\u00e1nico, entre las que se incluyen obras de Jos\u00e9 Campeche y Francisco Oller. <\/p>\n<p>Abstract: Understanding images and artifacts through their purpose within their spatial and cultural context is the premise that seems to guide the curatorial proposal of the exhibition Behind Closed Doors: Art in the Spanish American Home, 1492-1898.  The exhibition examines the artistic productions destined for domestic use within the context of the homes of elite members in the vice-royalties of America and the territories of the Hispanic Caribbean, including works by Jos\u00e9 Campeche and Francisco Oller.<\/p>\n","protected":false},"author":49,"featured_media":3393,"comment_status":"closed","ping_status":"closed","sticky":false,"template":"","format":"standard","meta":{"footnotes":""},"categories":[3],"tags":[999,1000,52,1001,1002,77,25,1003,1004],"class_list":["post-3392","post","type-post","status-publish","format-standard","has-post-thumbnail","hentry","category-exhibiciones","tag-brooklyn-museum","tag-elsaris-nunez","tag-francisco-oller","tag-jose-campeche","tag-new-orleans-museum-of-art","tag-painting","tag-pintura","tag-the-albuquerque-museum-of-art-and-history","tag-the-john-and-mable-ringling-museum-of-art"],"_links":{"self":[{"href":"https:\/\/humanidades.uprrp.edu\/visiondoble\/wp-json\/wp\/v2\/posts\/3392","targetHints":{"allow":["GET"]}}],"collection":[{"href":"https:\/\/humanidades.uprrp.edu\/visiondoble\/wp-json\/wp\/v2\/posts"}],"about":[{"href":"https:\/\/humanidades.uprrp.edu\/visiondoble\/wp-json\/wp\/v2\/types\/post"}],"author":[{"embeddable":true,"href":"https:\/\/humanidades.uprrp.edu\/visiondoble\/wp-json\/wp\/v2\/users\/49"}],"replies":[{"embeddable":true,"href":"https:\/\/humanidades.uprrp.edu\/visiondoble\/wp-json\/wp\/v2\/comments?post=3392"}],"version-history":[{"count":7,"href":"https:\/\/humanidades.uprrp.edu\/visiondoble\/wp-json\/wp\/v2\/posts\/3392\/revisions"}],"predecessor-version":[{"id":5358,"href":"https:\/\/humanidades.uprrp.edu\/visiondoble\/wp-json\/wp\/v2\/posts\/3392\/revisions\/5358"}],"wp:featuredmedia":[{"embeddable":true,"href":"https:\/\/humanidades.uprrp.edu\/visiondoble\/wp-json\/wp\/v2\/media\/3393"}],"wp:attachment":[{"href":"https:\/\/humanidades.uprrp.edu\/visiondoble\/wp-json\/wp\/v2\/media?parent=3392"}],"wp:term":[{"taxonomy":"category","embeddable":true,"href":"https:\/\/humanidades.uprrp.edu\/visiondoble\/wp-json\/wp\/v2\/categories?post=3392"},{"taxonomy":"post_tag","embeddable":true,"href":"https:\/\/humanidades.uprrp.edu\/visiondoble\/wp-json\/wp\/v2\/tags?post=3392"}],"curies":[{"name":"wp","href":"https:\/\/api.w.org\/{rel}","templated":true}]}}