{"id":3167,"date":"2013-12-15T00:00:49","date_gmt":"2013-12-15T04:00:49","guid":{"rendered":"http:\/\/humanidades.uprrp.edu\/visiondoble\/?p=3167"},"modified":"2021-11-23T12:24:43","modified_gmt":"2021-11-23T16:24:43","slug":"fotografia-por-la-reforma-social-de-iberoamerica","status":"publish","type":"post","link":"https:\/\/humanidades.uprrp.edu\/visiondoble\/fotografia-por-la-reforma-social-de-iberoamerica\/","title":{"rendered":"Fotograf\u00eda por la reforma social de Iberoam\u00e9rica"},"content":{"rendered":"<p style=\"text-align: right;\"><strong><span style=\"font-family: arial, helvetica, sans-serif; font-size: 120%;\">Texto completo \/ Full Text<\/span><\/strong><br \/>\n<strong><span style=\"font-family: arial, helvetica, sans-serif; font-size: 120%;\"><a href=\"https:\/\/drive.google.com\/file\/d\/1llfj3GXTGWeJsrcFanZFTEFOVAZbYqpd\/view?usp=sharing\">PDF<\/a> \/ <a href=\"https:\/\/drive.google.com\/file\/d\/1tPhZLDOBUvwEMGmJ-pOzj5Tpf1qBRapi\/view?usp=sharing\">ePUB<\/a><\/span><\/strong><\/p>\n<p><span style=\"font-family: arial, helvetica, sans-serif; font-size: 120%;\"><strong>T\u00edtulo:<\/strong> Fotograf\u00eda por la reforma social de Iberoam\u00e9rica <\/span><\/p>\n<p><span style=\"font-family: arial, helvetica, sans-serif; font-size: 120%;\"><strong>Title:<\/strong> Photography For the Ibero-America Social Reform<\/span><\/p>\n<p><span style=\"font-family: arial, helvetica, sans-serif; font-size: 120%;\"><strong>Autor \/ Author:<\/strong> Marta Yasm\u00edn Garc\u00eda<\/span><br \/>\n<span style=\"font-family: arial, helvetica, sans-serif; font-size: 120%;\">Universidad de Puerto Rico<\/span><\/p>\n<p><span style=\"font-family: arial, helvetica, sans-serif; font-size: 120%;\"><strong>Resumen:<\/strong> Los artistas Norma Vila y Julio Lugo Rivas reflexionan sobre la sociedad y la econom\u00eda puertorrique\u00f1a a partir de la convocatoria de Saltando Muros, una exposici\u00f3n que convoca artistas iberoamericanos con el prop\u00f3sito de exaltar las posibilidades de la fotograf\u00eda como herramienta de cambio social en manos de artistas emergentes. <em>El regreso<\/em> y <em>Maratonistas de calle<\/em>, los proyectos ganadores, representan a Puerto Rico en una exhibici\u00f3n internacional que cuenta tambi\u00e9n con pa\u00edses como Argentina, Brasil, Chile, Ecuador, M\u00e9xico, Per\u00fa, Rep\u00fablica Dominicana y Uruguay.<\/span><\/p>\n<p><span style=\"font-family: arial, helvetica, sans-serif; font-size: 120%;\"><strong>Abstract:<\/strong> The artists Norma Vila and Julio Lugo Rivas reflect on Puerto Rican society and economy from the call for Saltando Muros, an exhibition that brings together Ibero-American artists with the purpose of praising the possibilities of photography as a tool of social change in the hands of emerging artists. <em>El regreso [The Return]<\/em> and <em>Maratonistas de calle [Street Marathon Runners]<\/em>, the winning projects, represent Puerto Rican art in an international exhibition including artists from countries like Argentina, Brazil, Ecuador, M\u00e9xico, Per\u00fa, the Dominican Republic and Uruguay.<\/span><\/p>\n<p><span style=\"font-family: arial, helvetica, sans-serif; font-size: 120%;\"><strong>Palabras clave:<\/strong> Fotograf\u00eda, Fundaci\u00f3n Fondo Internacional de las Artes (FIart), Julio Lugo Rivas, Museo de Arte de Ponce, Norma Vila <\/span><\/p>\n<p><span style=\"font-family: arial, helvetica, sans-serif; font-size: 120%;\"><strong>Keywords:<\/strong> Fundaci\u00f3n Fondo Internacional de las Artes (FIart), Julio Lugo Rivas, Museo de Arte de Ponce, Norma Vila, Photography<\/span><\/p>\n<p><span style=\"font-family: arial, helvetica, sans-serif; font-size: 120%;\"><strong>Secci\u00f3n:<\/strong> Exhibiciones \/<strong> Section:<\/strong> Exhibitions<\/span><\/p>\n<p><span style=\"font-family: arial, helvetica, sans-serif; font-size: 120%;\"><strong>Publicaci\u00f3n:<\/strong> 15 de diciembre de 2013<\/span><\/p>\n<p><strong><span style=\"font-family: arial, helvetica, sans-serif; font-size: 120%;\">Cita recomendada:<\/span><span>\u00a0<\/span><\/strong><span style=\"font-family: arial, helvetica, sans-serif; font-size: 120%;\">Garc\u00eda, Marta Yasm\u00edn. \u201cFotograf\u00eda por la reforma social de Iberoam\u00e9rica\u201d, <em>Visi\u00f3n Doble: Revista de Cr\u00edtica e Historia del Arte<\/em>, 15 de diciembre de 2013, humanidades.uprrp.edu\/visi\u00f3ndoble<\/span><\/p>\n","protected":false},"excerpt":{"rendered":"<p>Resumen: Los artistas Norma Vila y Julio Lugo Rivas reflexionan sobre la sociedad y la econom\u00eda puertorrique\u00f1a a partir de la convocatoria de Saltando Muros, una exposici\u00f3n que convoca artistas iberoamericanos con el prop\u00f3sito de  exaltar las posibilidades de la fotograf\u00eda como herramienta de cambio social en manos de artistas emergentes. El regreso y Maratonistas de calle, los proyectos ganadores, representan a Puerto Rico en una exhibici\u00f3n internacional que cuenta tambi\u00e9n con pa\u00edses como Argentina, Brasil, Chile, Ecuador, M\u00e9xico, Per\u00fa, Rep\u00fablica Dominicana y Uruguay.<\/p>\n<p>Abstract: The artists Norma Vila and Julio Lugo Rivas reflect on Puerto Rican society and economy from the call for Saltando Muros, an exhibition that brings together Ibero-American artists with the purpose of praising the possibilities of photography as a tool of social change in the hands of emerging artists. El regreso [The Return] and Maratonistas de calle [Street Marathon Runners], the winning projects,  represent Puerto Rican art in an international exhibition including artists from countries like Argentina, Brazil, Ecuador, M\u00e9xico, Per\u00fa, the Dominican Republic and Uruguay.<\/p>\n","protected":false},"author":92,"featured_media":3168,"comment_status":"closed","ping_status":"closed","sticky":false,"template":"","format":"standard","meta":{"footnotes":""},"categories":[3],"tags":[228,924,925,461,421,343],"class_list":["post-3167","post","type-post","status-publish","format-standard","has-post-thumbnail","hentry","category-exhibiciones","tag-fotografia","tag-fundacion-fondo-internacional-de-las-artes-fiart","tag-julio-lugo-rivas","tag-museo-de-arte-de-ponce","tag-norma-vila","tag-photography"],"_links":{"self":[{"href":"https:\/\/humanidades.uprrp.edu\/visiondoble\/wp-json\/wp\/v2\/posts\/3167","targetHints":{"allow":["GET"]}}],"collection":[{"href":"https:\/\/humanidades.uprrp.edu\/visiondoble\/wp-json\/wp\/v2\/posts"}],"about":[{"href":"https:\/\/humanidades.uprrp.edu\/visiondoble\/wp-json\/wp\/v2\/types\/post"}],"author":[{"embeddable":true,"href":"https:\/\/humanidades.uprrp.edu\/visiondoble\/wp-json\/wp\/v2\/users\/92"}],"replies":[{"embeddable":true,"href":"https:\/\/humanidades.uprrp.edu\/visiondoble\/wp-json\/wp\/v2\/comments?post=3167"}],"version-history":[{"count":3,"href":"https:\/\/humanidades.uprrp.edu\/visiondoble\/wp-json\/wp\/v2\/posts\/3167\/revisions"}],"predecessor-version":[{"id":4560,"href":"https:\/\/humanidades.uprrp.edu\/visiondoble\/wp-json\/wp\/v2\/posts\/3167\/revisions\/4560"}],"wp:featuredmedia":[{"embeddable":true,"href":"https:\/\/humanidades.uprrp.edu\/visiondoble\/wp-json\/wp\/v2\/media\/3168"}],"wp:attachment":[{"href":"https:\/\/humanidades.uprrp.edu\/visiondoble\/wp-json\/wp\/v2\/media?parent=3167"}],"wp:term":[{"taxonomy":"category","embeddable":true,"href":"https:\/\/humanidades.uprrp.edu\/visiondoble\/wp-json\/wp\/v2\/categories?post=3167"},{"taxonomy":"post_tag","embeddable":true,"href":"https:\/\/humanidades.uprrp.edu\/visiondoble\/wp-json\/wp\/v2\/tags?post=3167"}],"curies":[{"name":"wp","href":"https:\/\/api.w.org\/{rel}","templated":true}]}}