{"id":3045,"date":"2013-10-15T00:00:25","date_gmt":"2013-10-15T04:00:25","guid":{"rendered":"http:\/\/humanidades.uprrp.edu\/visiondoble\/?p=3045"},"modified":"2021-11-23T12:29:22","modified_gmt":"2021-11-23T16:29:22","slug":"retrato-una-reconstruccion-ideal-de-memorias-vivas","status":"publish","type":"post","link":"https:\/\/humanidades.uprrp.edu\/visiondoble\/retrato-una-reconstruccion-ideal-de-memorias-vivas\/","title":{"rendered":"Retrato: una reconstrucci\u00f3n ideal de memorias vivas"},"content":{"rendered":"<p style=\"text-align: right;\"><strong><span style=\"font-family: arial, helvetica, sans-serif; font-size: 120%;\">Texto completo \/ Full Text<\/span><\/strong><br \/>\n<strong><span style=\"font-family: arial, helvetica, sans-serif; font-size: 120%;\"><a href=\"https:\/\/drive.google.com\/file\/d\/1dMRVzdQLE9m8UPDH7psZT9RqZWTwtUCz\/view?usp=sharing\">PDF<\/a> \/ <a href=\"https:\/\/drive.google.com\/file\/d\/15NELlNNPTr-tZL6SbC1dBn7dRYBITVYR\/view?usp=sharing\">ePUB<\/a><\/span><\/strong><\/p>\n<p style=\"text-align: justify;\"><span style=\"font-family: arial, helvetica, sans-serif; font-size: 120%;\"><strong>T\u00edtulo:<\/strong> Retrato: una reconstrucci\u00f3n ideal de memorias vivas <\/span><\/p>\n<p style=\"text-align: justify;\"><span style=\"font-family: arial, helvetica, sans-serif; font-size: 120%;\"><strong>Title:<\/strong> Portrait: An Ideal Reconstruction of Living Memories<\/span><\/p>\n<p style=\"text-align: justify;\"><span style=\"font-family: arial, helvetica, sans-serif; font-size: 120%;\"><strong>Autor \/ Author:<\/strong> Marta Yasm\u00edn Garc\u00eda<\/span><br \/>\n<span style=\"font-family: arial, helvetica, sans-serif; font-size: 120%;\">Universidad de Puerto Rico<\/span><\/p>\n<p style=\"text-align: justify;\"><span style=\"font-family: arial, helvetica, sans-serif; font-size: 120%;\"><strong>Resumen:<\/strong> El espacio de exhibiciones Recinto Cerra, en Santurce, fue escenario de la reciente exhibici\u00f3n de Nathan Budoff, abierta hasta entre agosto y septiembre de 2013. Bajo el t\u00edtulo de <em>Retrato<\/em>, la exhibici\u00f3n reuni\u00f3 varias pinturas que parecen representar un diario personal y familiar del artista.<\/span><\/p>\n<p style=\"text-align: justify;\"><span style=\"font-family: arial, helvetica, sans-serif; font-size: 120%;\"><strong>Abstract:<\/strong> Recinto Cerra is a space in Santurce, where Nathan Budoff\u2019s recent exhibition was opened in August and September 2013. The show was entitled <em>Portrait<\/em>, and it brought together some paintings that seem to represent a personal and family diary of the artist.<\/span><\/p>\n<p style=\"text-align: justify;\"><span style=\"font-family: arial, helvetica, sans-serif; font-size: 120%;\"><strong>Palabras clave:<\/strong> Bianca Ortiz Declet, Galer\u00eda Recinto Cerra, Nathan Budoff, Pintura <\/span><\/p>\n<p style=\"text-align: justify;\"><span style=\"font-family: arial, helvetica, sans-serif; font-size: 120%;\"><strong>Keywords:<\/strong> Painting, Bianca Ortiz Declet, Galer\u00eda Recinto Cerra, Nathan Budoff<\/span><\/p>\n<p style=\"text-align: justify;\"><span style=\"font-family: arial, helvetica, sans-serif; font-size: 120%;\"><strong>Secci\u00f3n:<\/strong> Exhibiciones \/ <strong>Section:<\/strong> Exhibitions<\/span><\/p>\n<p style=\"text-align: justify;\"><span style=\"font-family: arial, helvetica, sans-serif; font-size: 120%;\"><strong>Publicaci\u00f3n:<\/strong> 15 de diciembre de 2013<\/span><\/p>\n<p style=\"text-align: justify;\"><strong><span style=\"font-family: arial, helvetica, sans-serif; font-size: 120%;\">Cita recomendada:<\/span><span>\u00a0<\/span><\/strong><span style=\"font-family: arial, helvetica, sans-serif; font-size: 120%;\">Ortiz Declet, Bianca. \u201cRetrato: una reconstrucci\u00f3n ideal de memorias vivas\u201d, <em>Visi\u00f3n Doble: Revista de Cr\u00edtica e Historia del Arte<\/em>, 15 de octubre de 2013, humanidades.uprrp.edu\/visi\u00f3ndoble<\/span><\/p>\n","protected":false},"excerpt":{"rendered":"<p>Resumen: El espacio de exhibiciones Recinto Cerra, en Santurce, fue escenario de la reciente exhibici\u00f3n de Nathan Budoff, abierta hasta entre agosto y septiembre de 2013. Bajo el t\u00edtulo de Retrato, la exhibici\u00f3n reuni\u00f3 varias pinturas que parecen representar un diario personal y familiar del artista.<\/p>\n<p>Abstract: Recinto Cerra is a space in Santurce, where Nathan Budoff\u2019s recent exhibition was opened in August and September 2013. The show was entitled Portrait, and it brought together some paintings that seem to represent a personal and family diary of the artist.<\/p>\n","protected":false},"author":30,"featured_media":3046,"comment_status":"closed","ping_status":"closed","sticky":false,"template":"","format":"standard","meta":{"footnotes":""},"categories":[3],"tags":[142,732,511,77,25],"class_list":["post-3045","post","type-post","status-publish","format-standard","has-post-thumbnail","hentry","category-exhibiciones","tag-bianca-ortiz-declet","tag-galeria-recinto-cerra","tag-nathan-budoff","tag-painting","tag-pintura"],"_links":{"self":[{"href":"https:\/\/humanidades.uprrp.edu\/visiondoble\/wp-json\/wp\/v2\/posts\/3045","targetHints":{"allow":["GET"]}}],"collection":[{"href":"https:\/\/humanidades.uprrp.edu\/visiondoble\/wp-json\/wp\/v2\/posts"}],"about":[{"href":"https:\/\/humanidades.uprrp.edu\/visiondoble\/wp-json\/wp\/v2\/types\/post"}],"author":[{"embeddable":true,"href":"https:\/\/humanidades.uprrp.edu\/visiondoble\/wp-json\/wp\/v2\/users\/30"}],"replies":[{"embeddable":true,"href":"https:\/\/humanidades.uprrp.edu\/visiondoble\/wp-json\/wp\/v2\/comments?post=3045"}],"version-history":[{"count":5,"href":"https:\/\/humanidades.uprrp.edu\/visiondoble\/wp-json\/wp\/v2\/posts\/3045\/revisions"}],"predecessor-version":[{"id":4524,"href":"https:\/\/humanidades.uprrp.edu\/visiondoble\/wp-json\/wp\/v2\/posts\/3045\/revisions\/4524"}],"wp:featuredmedia":[{"embeddable":true,"href":"https:\/\/humanidades.uprrp.edu\/visiondoble\/wp-json\/wp\/v2\/media\/3046"}],"wp:attachment":[{"href":"https:\/\/humanidades.uprrp.edu\/visiondoble\/wp-json\/wp\/v2\/media?parent=3045"}],"wp:term":[{"taxonomy":"category","embeddable":true,"href":"https:\/\/humanidades.uprrp.edu\/visiondoble\/wp-json\/wp\/v2\/categories?post=3045"},{"taxonomy":"post_tag","embeddable":true,"href":"https:\/\/humanidades.uprrp.edu\/visiondoble\/wp-json\/wp\/v2\/tags?post=3045"}],"curies":[{"name":"wp","href":"https:\/\/api.w.org\/{rel}","templated":true}]}}