{"id":2896,"date":"2013-07-15T00:00:36","date_gmt":"2013-07-15T04:00:36","guid":{"rendered":"http:\/\/humanidades.uprrp.edu\/visiondoble\/?p=2896"},"modified":"2021-11-23T12:33:19","modified_gmt":"2021-11-23T16:33:19","slug":"vial-sacar-las-obras-del-museo","status":"publish","type":"post","link":"https:\/\/humanidades.uprrp.edu\/visiondoble\/vial-sacar-las-obras-del-museo\/","title":{"rendered":"Vial: \u00bfsacar las obras del museo?"},"content":{"rendered":"<p style=\"text-align: right;\"><strong><span style=\"font-family: arial, helvetica, sans-serif; font-size: 120%;\">Texto completo \/ Full Text<\/span><\/strong><br \/>\n<strong><span style=\"font-family: arial, helvetica, sans-serif; font-size: 120%;\"><a href=\"https:\/\/drive.google.com\/file\/d\/1NIrr80hWXPsXNoM-WtNJdzfpPZWllTuq\/view?usp=sharing\">PDF<\/a> \/ <a href=\"https:\/\/drive.google.com\/file\/d\/1e-7AFbRDY-AmsssHnCQ7bzKBUH_9QL8G\/view?usp=sharing\">ePUB<\/a><\/span><\/strong><\/p>\n<p>&nbsp;<\/p>\n<p style=\"text-align: justify;\"><span style=\"font-family: arial, helvetica, sans-serif; font-size: 120%;\"><strong>T\u00edtulo:<\/strong> Vial: \u00bfsacar las obras del museo? <\/span><\/p>\n<p style=\"text-align: justify;\"><span style=\"font-family: arial, helvetica, sans-serif; font-size: 120%;\"><strong>Title:<\/strong> Vial: Taking the Artworks Out of the Museum?<\/span><\/p>\n<p style=\"text-align: justify;\"><span style=\"font-family: arial, helvetica, sans-serif; font-size: 120%;\"><strong>Autor \/ Author:<\/strong> Abdiel Segarra R\u00edos<\/span><br \/>\n<span style=\"font-family: arial, helvetica, sans-serif; font-size: 120%;\">Artista, gestor cultural y curador independiente<\/span><\/p>\n<p style=\"text-align: justify;\"><span style=\"font-family: arial, helvetica, sans-serif; font-size: 120%;\"><strong>Resumen:<\/strong> <em>Vial<\/em> es una plataforma de difusi\u00f3n dise\u00f1ada por el personal de Museo de Arte de Puerto Rico para compartir el legado de su colecci\u00f3n de forma innovadora. La muestra de este proyecto tuvo lugar el 24 de abril en la galer\u00eda Bertita y Guillermo Mart\u00ednez del Museo y se extendi\u00f3 alrededor de la Isla a trav\u00e9s de la presentaci\u00f3n de algunas im\u00e1genes en vallas electr\u00f3nicas de tipo billboard.<\/span><\/p>\n<p style=\"text-align: justify;\"><span style=\"font-family: arial, helvetica, sans-serif; font-size: 120%;\"><strong>Abstract:<\/strong> <em>Vial<\/em> is an outreach platform designed by the staff of the Museo de Arte de Puerto Rico to share the legacy of its collection in an innovative way. The exhibition of this project took place on April 24th at the Bertita y Guillermo Mart\u00ednez gallery of the Museum, and it could be appreciated around the Island thanks to the presentation of some images on electronic billboards.<\/span><\/p>\n<p style=\"text-align: justify;\"><span style=\"font-family: arial, helvetica, sans-serif; font-size: 120%;\"><strong>Palabras clave:<\/strong> Abdiel Segarra R\u00edos, Galer\u00eda Bertita y Guillermo Mart\u00ednez, Museo de Arte de Puerto Rico, Fotograf\u00eda, Certamen, Arte p\u00fablico<\/span><\/p>\n<p style=\"text-align: justify;\"><span style=\"font-family: arial, helvetica, sans-serif; font-size: 120%;\"> <strong>Keywords:<\/strong> Abdiel Segarra R\u00edos, Bertita and Guillermo Mart\u00ednez Gallery, Museo de Arte de Puerto Rico, Photography, Competition, Public Art<br \/>\n<\/span><\/p>\n<p style=\"text-align: justify;\"><span style=\"font-family: arial, helvetica, sans-serif; font-size: 120%;\"><strong>Secci\u00f3n:<\/strong> Exhibiciones \/ <strong>Section:<\/strong> Exhibitions<\/span><\/p>\n<p style=\"text-align: justify;\"><span style=\"font-family: arial, helvetica, sans-serif; font-size: 120%;\"><strong>Publicaci\u00f3n:<\/strong> 15 de julio de 2013<\/span><\/p>\n<p style=\"text-align: justify;\"><strong><span style=\"font-family: arial, helvetica, sans-serif; font-size: 120%;\">Cita recomendada:<\/span>\u00a0<\/strong><span style=\"font-family: arial, helvetica, sans-serif; font-size: 120%;\">Segarra R\u00edos, Abdiel. \u201cVial: \u00bfsacar las obras del museo?.\u201d, <em>Visi\u00f3n Doble: Revista de Cr\u00edtica e Historia del Arte<\/em>,15 de julio de 2013, humanidades.uprrp.edu\/visi\u00f3ndoble<\/span><\/p>\n","protected":false},"excerpt":{"rendered":"<p>Resumen: Vial es una plataforma de difusi\u00f3n dise\u00f1ada por el personal de Museo de Arte de Puerto Rico para compartir el legado de su colecci\u00f3n de forma innovadora. La muestra de este proyecto tuvo lugar el 24 de abril en la galer\u00eda Bertita y Guillermo Mart\u00ednez del Museo y se extendi\u00f3 alrededor de la Isla a trav\u00e9s de la presentaci\u00f3n de algunas im\u00e1genes en vallas electr\u00f3nicas de tipo billboard.<\/p>\n<p>Abstract: Vial is an outreach platform designed by the staff of the Museo de Arte de Puerto Rico to share the legacy of its collection in an innovative way. The exhibition of this project took place on April 24th at the Bertita y Guillermo Mart\u00ednez gallery of the Museum, and it could be appreciated around the Island thanks to the presentation of some images on electronic billboards.<\/p>\n","protected":false},"author":15,"featured_media":2897,"comment_status":"closed","ping_status":"closed","sticky":false,"template":"","format":"standard","meta":{"footnotes":""},"categories":[3],"tags":[254,666,780,853,661,228,779,141,343,667],"class_list":["post-2896","post","type-post","status-publish","format-standard","has-post-thumbnail","hentry","category-exhibiciones","tag-abdiel-segarra-rios","tag-arte-publico","tag-bertita-and-guillermo-martinez-gallery","tag-certamen","tag-competition","tag-fotografia","tag-galeria-bertita-y-guillermo-martinez","tag-museo-de-arte-de-puerto-rico","tag-photography","tag-public-art"],"_links":{"self":[{"href":"https:\/\/humanidades.uprrp.edu\/visiondoble\/wp-json\/wp\/v2\/posts\/2896","targetHints":{"allow":["GET"]}}],"collection":[{"href":"https:\/\/humanidades.uprrp.edu\/visiondoble\/wp-json\/wp\/v2\/posts"}],"about":[{"href":"https:\/\/humanidades.uprrp.edu\/visiondoble\/wp-json\/wp\/v2\/types\/post"}],"author":[{"embeddable":true,"href":"https:\/\/humanidades.uprrp.edu\/visiondoble\/wp-json\/wp\/v2\/users\/15"}],"replies":[{"embeddable":true,"href":"https:\/\/humanidades.uprrp.edu\/visiondoble\/wp-json\/wp\/v2\/comments?post=2896"}],"version-history":[{"count":9,"href":"https:\/\/humanidades.uprrp.edu\/visiondoble\/wp-json\/wp\/v2\/posts\/2896\/revisions"}],"predecessor-version":[{"id":4517,"href":"https:\/\/humanidades.uprrp.edu\/visiondoble\/wp-json\/wp\/v2\/posts\/2896\/revisions\/4517"}],"wp:featuredmedia":[{"embeddable":true,"href":"https:\/\/humanidades.uprrp.edu\/visiondoble\/wp-json\/wp\/v2\/media\/2897"}],"wp:attachment":[{"href":"https:\/\/humanidades.uprrp.edu\/visiondoble\/wp-json\/wp\/v2\/media?parent=2896"}],"wp:term":[{"taxonomy":"category","embeddable":true,"href":"https:\/\/humanidades.uprrp.edu\/visiondoble\/wp-json\/wp\/v2\/categories?post=2896"},{"taxonomy":"post_tag","embeddable":true,"href":"https:\/\/humanidades.uprrp.edu\/visiondoble\/wp-json\/wp\/v2\/tags?post=2896"}],"curies":[{"name":"wp","href":"https:\/\/api.w.org\/{rel}","templated":true}]}}