{"id":2844,"date":"2013-05-15T00:00:57","date_gmt":"2013-05-15T04:00:57","guid":{"rendered":"http:\/\/humanidades.uprrp.edu\/visiondoble\/?p=2844"},"modified":"2021-11-23T12:35:30","modified_gmt":"2021-11-23T16:35:30","slug":"dialogo-a-traves-del-tiempo","status":"publish","type":"post","link":"https:\/\/humanidades.uprrp.edu\/visiondoble\/dialogo-a-traves-del-tiempo\/","title":{"rendered":"Di\u00e1logo a trav\u00e9s del tiempo"},"content":{"rendered":"<p style=\"text-align: right;\"><strong><span style=\"font-family: arial, helvetica, sans-serif; font-size: 120%;\">Texto completo \/ Full text<\/span><\/strong><br \/>\n<strong><span style=\"font-family: arial, helvetica, sans-serif; font-size: 120%;\"><a href=\"https:\/\/drive.google.com\/file\/d\/1JPM2Va3uOR896Yw19an-JCw2HXODKp6I\/view?usp=sharing\">PDF<\/a> \/ <a href=\"https:\/\/drive.google.com\/file\/d\/1Fb1ret9jebEK6zvgLbMo_LdgMdHhxidS\/view?usp=sharing\">EPUB<\/a><\/span><\/strong><\/p>\n<p style=\"text-align: justify;\"><span style=\"font-family: arial, helvetica, sans-serif; font-size: 120%;\"><strong>T\u00edtulo:<\/strong> Di\u00e1logo a trav\u00e9s del tiempo <\/span><\/p>\n<p style=\"text-align: justify;\"><span style=\"font-family: arial, helvetica, sans-serif; font-size: 120%;\"><strong>Title:<\/strong> Dialogue Through Time<\/span><\/p>\n<p style=\"text-align: justify;\"><span style=\"font-family: arial, helvetica, sans-serif; font-size: 120%;\"><strong>Autor \/ Author:<\/strong> Marian A. P\u00e9rez<\/span><br \/>\n<span style=\"font-family: arial, helvetica, sans-serif; font-size: 120%;\">Gestora cultural independiente<\/span><\/p>\n<p style=\"text-align: justify;\"><span style=\"font-family: arial, helvetica, sans-serif; font-size: 120%;\"><strong>Resumen:<\/strong> El Museo de Arte Dr. P\u00edo L\u00f3pez Mart\u00ednez de la Universidad de Puerto Rico en Cayey present\u00f3 la exhibici\u00f3n<em> Impresiones<\/em>, <\/span><span style=\"font-family: arial, helvetica, sans-serif; font-size: 120%;\"><em>relieves y resonancias<\/em>, <\/span><span style=\"font-family: arial, helvetica, sans-serif; font-size: 120%;\">curada por Mariel Qui\u00f1ones V\u00e9lez, que estuvo enfocada en mostrar una selecci\u00f3n del universo de materiales impresos, gr\u00e1ficos y objetos que Ram\u00f3n Frade coleccion\u00f3 en vida.<\/span><\/p>\n<p style=\"text-align: justify;\"><span style=\"font-family: arial, helvetica, sans-serif; font-size: 120%;\"><strong>Abstract:<\/strong> Dr. P\u00edo L\u00f3pez Mart\u00ednez Museum Art, of the University of Puerto Rico in Cayey, presented the exhibition <em>Impressions, reliefs and resonances (Impresiones, relieves y resonancias)<\/em>, curated by Mariel Qui\u00f1ones V\u00e9lez, focused on showing a selection of the universe of printed materials, graphics and objects that Ram\u00f3n Frade collected during his lifetime.<\/span><\/p>\n<p style=\"text-align: justify;\"><span style=\"font-family: arial, helvetica, sans-serif; font-size: 120%;\"><strong>Palabras clave:<\/strong> Aar\u00f3n Salabarr\u00edas, Abdiel Segarra, Abey Charr\u00f3n, AD\u00c1L, AE.i.OU, Annex Burgos, Antonio Martorell, Carlos Ruiz Valarino, Christopher Rivera, Fabi\u00e1n Detr\u00e9s, Frances Gallardo, H\u00e9ctor Arce-Espasas, Impresiones, Jaime Rodr\u00edguez Crespo, Javier Mart\u00ednez, Javier y Jaime Su\u00e1rez, Jes\u00fas \u201cBubu\u201d Negr\u00f3n, Lilliam Nieves, Manuel Carmona Sierra, Marian A. P\u00e9rez, Mariel Qui\u00f1ones, Melissa Xiloj, M\u00f3nica F\u00e9lix, Museo de Arte Dr. P\u00edo L\u00f3pez Mart\u00ednez, Myritza Castillo, N\u00e9stor Otero, NOBA, Norma Vila Rivero, Omar Obdulio Pe\u00f1a, Omar Vel\u00e1zquez, Pedro J. Santa, Rafael Trelles, Ram\u00f3n Frade, Ram\u00f3n Miranda Beltr\u00e1n, Relieves y resonancias, Rogelio B\u00e1ez Vega, V\u00edctor Nieto <\/span><\/p>\n<p style=\"text-align: justify;\"><span style=\"font-family: arial, helvetica, sans-serif; font-size: 120%;\"><strong>Keywords:<\/strong> Aar\u00f3n Salabarr\u00edas, Abdiel Segarra, Abey Charr\u00f3n, AD\u00c1L, AE.i.OU, Annex Burgos, Antonio Martorell, Carlos Ruiz Valarino, Christopher Rivera, Fabi\u00e1n Detr\u00e9s, Frances Gallardo, H\u00e9ctor Arce-Espasas, Impresiones, Jaime Rodr\u00edguez Crespo, Javier Mart\u00ednez, Javier and Jaime Su\u00e1rez, Jes\u00fas \u201cBubu\u201d Negr\u00f3n, Lilliam Nieves, Manuel Carmona Sierra, Marian A. P\u00e9rez, Mariel Qui\u00f1ones, Melissa Xiloj, M\u00f3nica F\u00e9lix, Museum of Art Dr. P\u00edo L\u00f3pez Mart\u00ednez, Myritza Castillo, N\u00e9stor Otero, NOBA, Norma Vila Rivero, Omar Obdulio Pe\u00f1a, Omar Vel\u00e1zquez, Pedro J. Santa, Rafael Trelles, Ram\u00f3n Frade, Ram\u00f3n Miranda Beltr\u00e1n, Reliefs and Resonances, Rogelio B\u00e1ez Vega, V\u00edctor Nieto<\/span><\/p>\n<p style=\"text-align: justify;\"><span style=\"font-family: arial, helvetica, sans-serif; font-size: 120%;\"><strong>Secci\u00f3n:<\/strong> Exhibiciones \/ <strong>Section:<\/strong> Exhibitions<\/span><\/p>\n<p style=\"text-align: justify;\"><span style=\"font-family: arial, helvetica, sans-serif; font-size: 120%;\"><strong>Publicaci\u00f3n:<\/strong> 15 de mayo de 2013<\/span><\/p>\n<p style=\"text-align: justify;\"><strong><span style=\"font-family: arial, helvetica, sans-serif; font-size: 120%;\">Cita recomendada:<\/span><span>\u00a0<\/span><\/strong><span style=\"font-family: arial, helvetica, sans-serif; font-size: 120%;\">P\u00e9rez, Marian A. \u201cDi\u00e1logo a trav\u00e9s del tiempo.\u201d <em>Visi\u00f3n Doble: Revista de Cr\u00edtica e Historia del Arte<\/em>, 15 de mayo de 2013, humanidades.uprrp.edu\/visi\u00f3ndoble<\/span><\/p>\n","protected":false},"excerpt":{"rendered":"<p>Resumen: El Museo de Arte Dr. P\u00edo L\u00f3pez Mart\u00ednez de la Universidad de Puerto Rico en Cayey present\u00f3 la exhibici\u00f3n Impresiones, relieves y resonancias, curada por Mariel Qui\u00f1ones V\u00e9lez, que estuvo enfocada en mostrar una selecci\u00f3n del universo de materiales impresos, gr\u00e1ficos y objetos que Ram\u00f3n Frade coleccion\u00f3 en vida.<\/p>\n<p>Abstract:  Dr. P\u00edo L\u00f3pez Mart\u00ednez Museum Art, of the University of Puerto Rico in Cayey, presented the exhibition Impressions, reliefs and resonances (Impresiones, relieves y resonancias), curated by Mariel Qui\u00f1ones V\u00e9lez, focused on showing a selection of the universe of printed materials, graphics and objects that Ram\u00f3n Frade collected during his lifetime.<\/p>\n","protected":false},"author":88,"featured_media":2845,"comment_status":"closed","ping_status":"closed","sticky":false,"template":"","format":"standard","meta":{"footnotes":""},"categories":[3],"tags":[499,193,673,674,675,676,54,677,678,679,680,681,682,683,700,684,685,419,59,686,687,688,689,276,690,701,691,692,693,280,532,497,694,695,53,696,702,697,698,699],"class_list":["post-2844","post","type-post","status-publish","format-standard","has-post-thumbnail","hentry","category-exhibiciones","tag-aaron-salabarrias","tag-abdiel-segarra","tag-abey-charron","tag-adal","tag-ae-i-ou","tag-annex-burgos","tag-antonio-martorell","tag-carlos-ruiz-valarino","tag-christopher-rivera","tag-fabian-detres","tag-frances-gallardo","tag-hector-arce-espasas","tag-impresiones","tag-jaime-rodriguez-crespo","tag-javier-and-jaime-suarez","tag-javier-martinez","tag-javier-y-jaime-suarez","tag-jesus-bubu-negron","tag-lilliam-nieves","tag-manuel-carmona-sierra","tag-marian-a-perez","tag-mariel-quinones","tag-melissa-xiloj","tag-monica-felix","tag-museo-de-arte-dr-pio-lopez-martinez","tag-museum-of-art-dr-pio-lopez-martinez","tag-myritza-castillo","tag-nestor-otero","tag-noba","tag-norma-vila-rivero","tag-omar-obdulio-pena","tag-omar-velazquez","tag-pedro-j-santa","tag-rafael-trelles","tag-ramon-frade","tag-ramon-miranda-beltran","tag-reliefs-and-resonances","tag-relieves-y-resonancias","tag-rogelio-baez-vega","tag-victor-nieto"],"_links":{"self":[{"href":"https:\/\/humanidades.uprrp.edu\/visiondoble\/wp-json\/wp\/v2\/posts\/2844","targetHints":{"allow":["GET"]}}],"collection":[{"href":"https:\/\/humanidades.uprrp.edu\/visiondoble\/wp-json\/wp\/v2\/posts"}],"about":[{"href":"https:\/\/humanidades.uprrp.edu\/visiondoble\/wp-json\/wp\/v2\/types\/post"}],"author":[{"embeddable":true,"href":"https:\/\/humanidades.uprrp.edu\/visiondoble\/wp-json\/wp\/v2\/users\/88"}],"replies":[{"embeddable":true,"href":"https:\/\/humanidades.uprrp.edu\/visiondoble\/wp-json\/wp\/v2\/comments?post=2844"}],"version-history":[{"count":7,"href":"https:\/\/humanidades.uprrp.edu\/visiondoble\/wp-json\/wp\/v2\/posts\/2844\/revisions"}],"predecessor-version":[{"id":4480,"href":"https:\/\/humanidades.uprrp.edu\/visiondoble\/wp-json\/wp\/v2\/posts\/2844\/revisions\/4480"}],"wp:featuredmedia":[{"embeddable":true,"href":"https:\/\/humanidades.uprrp.edu\/visiondoble\/wp-json\/wp\/v2\/media\/2845"}],"wp:attachment":[{"href":"https:\/\/humanidades.uprrp.edu\/visiondoble\/wp-json\/wp\/v2\/media?parent=2844"}],"wp:term":[{"taxonomy":"category","embeddable":true,"href":"https:\/\/humanidades.uprrp.edu\/visiondoble\/wp-json\/wp\/v2\/categories?post=2844"},{"taxonomy":"post_tag","embeddable":true,"href":"https:\/\/humanidades.uprrp.edu\/visiondoble\/wp-json\/wp\/v2\/tags?post=2844"}],"curies":[{"name":"wp","href":"https:\/\/api.w.org\/{rel}","templated":true}]}}