{"id":2313,"date":"2013-03-15T00:00:57","date_gmt":"2013-03-15T04:00:57","guid":{"rendered":"http:\/\/humanidades.uprrp.edu\/visiondoble\/?p=2313"},"modified":"2021-11-23T12:46:46","modified_gmt":"2021-11-23T16:46:46","slug":"el-atlas-de-rene-santos","status":"publish","type":"post","link":"https:\/\/humanidades.uprrp.edu\/visiondoble\/el-atlas-de-rene-santos\/","title":{"rendered":"El atlas de Ren\u00e9 Santos"},"content":{"rendered":"<p style=\"text-align: center;\">Ren\u00e9 Santos, Sin T\u00edtulo, 1979. Foto: cortes\u00eda del Museo de Arte de Puerto Rico.<\/p>\n[spacer height=&#8221;20px&#8221;]\n<p style=\"text-align: right;\"><strong><span style=\"font-family: arial, helvetica, sans-serif; font-size: 120%;\">Texto completo \/ Full text<\/span><\/strong><br \/>\n<strong><span style=\"font-family: arial, helvetica, sans-serif; font-size: 120%;\"><a href=\"https:\/\/drive.google.com\/file\/d\/1KYR0sWWxyf72-Kt9zktvzJsPKKesQL6S\/view?usp=sharing\">PDF<\/a> \/ <a href=\"https:\/\/drive.google.com\/file\/d\/1QWMQxwRNjE2hpqD2ew-dkfxiu4AMZA5b\/view?usp=sharing\">ePUB<\/a><\/span><\/strong><\/p>\n<p style=\"text-align: justify;\"><span style=\"font-family: arial, helvetica, sans-serif; font-size: 120%;\"><b>T\u00edtulo: <\/b>El atlas de Ren\u00e9 Santos <\/span><br \/>\n<span style=\"font-family: arial, helvetica, sans-serif; font-size: 120%;\"><b>Title<\/b>: Ren\u00e9 Santos\u2019 Atlas<\/span><\/p>\n<p><span style=\"font-family: arial, helvetica, sans-serif; font-size: 120%;\"><b>Autor \/ Author: <\/b>Lisa Blanco<\/span><br \/>\n<span style=\"font-family: arial, helvetica, sans-serif; font-size: 120%;\">Historiadora del Arte Independiente<\/span><\/p>\n<p><span style=\"font-family: arial, helvetica, sans-serif; font-size: 120%;\"><b>Resumen: <\/b>El Museo de Arte de Puerto Rico presenta la exhibici\u00f3n <i>Ren\u00e9 Santos: el grado cero de la imagen<\/i>, con el prop\u00f3sito de comprender el trasfondo intelectual y el m\u00e9todo de trabajo de este artista. Son escasas las obras de Santos en colecciones privadas y en museos, y su figura no ha sido suficientemente reconocida, por lo que esta exhibici\u00f3n pone de relieve la importancia de su legado y de su particular iconograf\u00eda.<\/span><\/p>\n<p><span style=\"font-family: arial, helvetica, sans-serif; font-size: 120%;\"><b>Abstract: <\/b>The Museo de Arte de Puerto presents the exhibition Ren\u00e9 Santos: el grado cero de la imagen [Ren\u00e9 Santos: the degree zero of the image], with the purpose of understanding the intellectual background and working method of this artist. The works of Santos in private collections and museums are scarce, and his figure has not been sufficiently recognized, so this exhibition highlights the importance of his legacy and his particular iconography.<\/span><\/p>\n<p><span style=\"font-family: arial, helvetica, sans-serif; font-size: 120%;\"><b>Palabras clave: <\/b>Ren\u00e9 Santos, Museo de Arte de Puerto Rico, Pintura, Enca\u00fastica, Medios de masas<\/span><\/p>\n<p><span style=\"font-family: arial, helvetica, sans-serif; font-size: 120%;\"><b>Keywords: <\/b>Ren\u00e9 Santos, Museo de Arte de Puerto Rico, Painting, Encaustic, Mass media<\/span><\/p>\n<p><span style=\"font-family: arial, helvetica, sans-serif; font-size: 120%;\"><b>Secci\u00f3n: <\/b>Exhibiciones \/ <b>Section: <\/b>Exhibitions<\/span><\/p>\n<p><span style=\"font-family: arial, helvetica, sans-serif; font-size: 120%;\"><b>Publicaci\u00f3n: <\/b>15 de marzo de 2013<\/span><\/p>\n<p><span style=\"font-family: arial, helvetica, sans-serif; font-size: 120%;\"><b>Cita recomendada:\u00a0<\/b>Blanco, Lisa. \u201cEl atlas de Ren\u00e9 Santos.\u201d <i>Visi\u00f3n Doble: Revista de Cr\u00edtica e Historia del Arte<\/i>, 15 de marzo de 2013, humanidades.uprrp.edu\/visiondoble<\/span><\/p>\n","protected":false},"excerpt":{"rendered":"<p>Resumen: El Museo de Arte de Puerto Rico presenta la exhibici\u00f3n Ren\u00e9 Santos: el grado cero de la imagen, con el prop\u00f3sito de comprender el trasfondo intelectual y el m\u00e9todo de trabajo de este artista. Son escasas las obras de Santos en colecciones privadas y en museos, y su figura no ha sido suficientemente reconocida, por lo que esta exhibici\u00f3n pone de relieve la importancia de su legado y de su particular iconograf\u00eda.<\/p>\n<p>Abstract: The Museo de Arte de Puerto presents the exhibition Ren\u00e9 Santos: el grado cero de la imagen [Ren\u00e9 Santos: the degree zero of the image], with the purpose of understanding the intellectual background and working method of this artist. The works of Santos in private collections and museums are scarce, and his figure has not been sufficiently recognized, so this exhibition highlights the importance of his legacy and his particular iconography.<\/p>\n","protected":false},"author":80,"featured_media":2314,"comment_status":"closed","ping_status":"closed","sticky":false,"template":"","format":"standard","meta":{"footnotes":""},"categories":[3],"tags":[451,449,452,450,141,77,25,448],"class_list":["post-2313","post","type-post","status-publish","format-standard","has-post-thumbnail","hentry","category-exhibiciones","tag-encaustic","tag-encaustica","tag-mass-media","tag-medios-de-masas","tag-museo-de-arte-de-puerto-rico","tag-painting","tag-pintura","tag-rene-santos"],"_links":{"self":[{"href":"https:\/\/humanidades.uprrp.edu\/visiondoble\/wp-json\/wp\/v2\/posts\/2313","targetHints":{"allow":["GET"]}}],"collection":[{"href":"https:\/\/humanidades.uprrp.edu\/visiondoble\/wp-json\/wp\/v2\/posts"}],"about":[{"href":"https:\/\/humanidades.uprrp.edu\/visiondoble\/wp-json\/wp\/v2\/types\/post"}],"author":[{"embeddable":true,"href":"https:\/\/humanidades.uprrp.edu\/visiondoble\/wp-json\/wp\/v2\/users\/80"}],"replies":[{"embeddable":true,"href":"https:\/\/humanidades.uprrp.edu\/visiondoble\/wp-json\/wp\/v2\/comments?post=2313"}],"version-history":[{"count":12,"href":"https:\/\/humanidades.uprrp.edu\/visiondoble\/wp-json\/wp\/v2\/posts\/2313\/revisions"}],"predecessor-version":[{"id":4830,"href":"https:\/\/humanidades.uprrp.edu\/visiondoble\/wp-json\/wp\/v2\/posts\/2313\/revisions\/4830"}],"wp:featuredmedia":[{"embeddable":true,"href":"https:\/\/humanidades.uprrp.edu\/visiondoble\/wp-json\/wp\/v2\/media\/2314"}],"wp:attachment":[{"href":"https:\/\/humanidades.uprrp.edu\/visiondoble\/wp-json\/wp\/v2\/media?parent=2313"}],"wp:term":[{"taxonomy":"category","embeddable":true,"href":"https:\/\/humanidades.uprrp.edu\/visiondoble\/wp-json\/wp\/v2\/categories?post=2313"},{"taxonomy":"post_tag","embeddable":true,"href":"https:\/\/humanidades.uprrp.edu\/visiondoble\/wp-json\/wp\/v2\/tags?post=2313"}],"curies":[{"name":"wp","href":"https:\/\/api.w.org\/{rel}","templated":true}]}}