{"id":2219,"date":"2020-08-05T12:54:38","date_gmt":"2020-08-05T16:54:38","guid":{"rendered":"http:\/\/humanidades.uprrp.edu\/visiondoble\/?p=2219"},"modified":"2025-10-20T14:12:00","modified_gmt":"2025-10-20T18:12:00","slug":"entretanto-exhibicion-de-una-obra-en-proceso-de-jun-martinez","status":"publish","type":"post","link":"https:\/\/humanidades.uprrp.edu\/visiondoble\/entretanto-exhibicion-de-una-obra-en-proceso-de-jun-martinez\/","title":{"rendered":"Entretanto: exhibici\u00f3n de una obra en proceso de Jun Mart\u00ednez"},"content":{"rendered":"\n<p style=\"text-align: center;\"><span style=\"font-size: 90%; font-family: arial, helvetica, sans-serif;\">Jun Mart\u00ednez, <em>Entretanto: Exhibici\u00f3n de una obra en proceso<\/em>, 2014. Foto: Nicole Curet.<\/a><\/span><\/p>\n\n<p style=\"color:white;\">[spacer height=&#8221;20px&#8221;]<br>\n\n<p style=\"text-align: right;\"><strong><span style=\"font-size: 120%; font-family: arial, helvetica, sans-serif;\">Texto completo \/ Full text<\/span><\/strong><br>\n\n<span style=\"font-size: 120%\"><a href=\"https:\/\/drive.google.com\/file\/d\/1mT5l-SHsWBzGJW3Alu9POw2EVPkhLuOc\/view\"; font-family: arial, helvetica, sans-serif;\"><strong>PDF<\/strong><\/a> \/ <a href=\"https:\/\/drive.google.com\/file\/d\/10ca6yRT-aQrGvg78vW5CVTHpO8slWgsv\/view\";font-family: arial, helvetica, sans-serif;\"><strong> ePUB<\/strong><\/span><\/p><\/a>\n<span style=\"font-size: 120%; font-family: arial, helvetica, sans-serif;\"><b>T\u00edtulo:<\/b> Entretanto: exhibici\u00f3n de una obra en proceso de Jun Mart\u00ednez<\/span><br>\n\n<span style=\"font-size: 120%; font-family: arial, helvetica, sans-serif;\"><b>Title<\/b>: Entretanto [Meanwhile]: Exhibition of an Artwork in Process by Jun Mart\u00ednez\n<\/span><br><br>\n\n<span style=\"font-size: 120%; font-family: arial, helvetica, sans-serif;\"><b>Autor \/ Author<\/b>: Laura Rivera Ayala<\/span><br>\n\n<span style=\"font-size: 120%; font-family: arial, helvetica, sans-serif;\">Educadora y Gestora Cultural Independiente\n<\/span><br><br>\n<p style=\"text-align: justify;\"><span style=\"font-size: 120%; font-family: arial, helvetica, sans-serif;\"><b>Resumen<\/b>: En <em>Entretanto: Exhibici\u00f3n de una obra en proceso<\/em>, Jun Mart\u00ednez invita al p\u00fablico a ser testigo de su proceso pict\u00f3rico, el cual identifica con una utop\u00eda en acci\u00f3n. En ella, el artista enfatiza la pintura no como un producto terminado, sino como un gesto en el tiempo, inspir\u00e1ndose en el concepto teol\u00f3gico \u201cya pero todav\u00eda no\u201d.<\/span><\/p>\n\n<p style=\"text-align: justify;\"><span style=\"font-size: 120%; font-family: arial, helvetica, sans-serif;\"><b>Abstract<\/b>: In <em>Meanwhile: Exhibition of an Artwork in Process<\/em>, Jun Mart\u00ednez is inviting viewers to observe his pictorical process, which he identifies as a utopia in action. In his exhibition, the artist emphasizes painting not as a finished product, but as a gesture in time, being inspired in a theological concept: the \u201calready but not yet\u201d.\n<\/span><\/p>\n<span style=\"font-size: 120%; font-family: arial, helvetica, sans-serif;\"><b>Palabras<\/b> <b>clave<\/b>: Acci\u00f3n, Jun Mart\u00ednez, Pintura, proceso, utop\u00eda, Walter Otero Contemporary Art<\/span><br>\n\n<span style=\"font-size: 120%; font-family: arial, helvetica, sans-serif;\"><b>Keywords<\/b>: Action, Jun Mart\u00ednez, painting, process, utopia, Walter Otero Contemporary Art<\/span><br><br>\n\n<span style=\"font-size: 120%; font-family: arial, helvetica, sans-serif;\"><b>Secci\u00f3n:<\/b> Entrevistas \/ <b>Section<\/b>: Interviews<span class=\"Apple-converted-space\">\u00a0<\/span><\/span><br><br>\n\n\n<span style=\"font-size: 120%;font-family: arial, helvetica, sans-serif;\"><strong>Publicado:<\/strong> 5 de agosto de 2020.<\/span><br><br>\n\n<span style=\"font-size: 120%; font-family: arial, helvetica, sans-serif;\"><b>Cita recomendada:<\/b> Rivera Ayala, Laura. \u201cEntretanto: exhibici\u00f3n de una obra en proceso de Jun Mart\u00ednez\u201d, <i>Visi\u00f3n Doble: Revista de Cr\u00edtica e Historia del Arte<\/i>, 28 de marzo de 2020, humanidades.uprrp.edu\/visi\u00f3ndoble<\/span>\n\n\n\n<p><\/p>\n","protected":false},"excerpt":{"rendered":"<p>Resumen: En Entretanto: Exhibici\u00f3n de una obra en proceso, Jun Mart\u00ednez invita al p\u00fablico a ser testigo de su proceso pict\u00f3rico, el cual identifica con una utop\u00eda en acci\u00f3n. En ella, el artista enfatiza la pintura no como un producto terminado, sino como un gesto en el tiempo, inspir\u00e1ndose en el concepto teol\u00f3gico &#8220;ya pero todav\u00eda no&#8221;.<br \/>\nAbstract: In Meanwhile: Exhibition of an Artwork in Process, Jun Mart\u00ednez is inviting viewers to observe his pictorial process, which he identifies as a utopia in action. In his exhibition, the artist emphasizes painting not as a finished product, but as a gesture in time, being inspired in a theological concept: the &#8220;already but not yet&#8221;.<\/p>\n","protected":false},"author":124,"featured_media":2228,"comment_status":"closed","ping_status":"closed","sticky":false,"template":"","format":"standard","meta":{"footnotes":""},"categories":[8],"tags":[393,395,385,77,25,391,394,392,396],"class_list":["post-2219","post","type-post","status-publish","format-standard","has-post-thumbnail","hentry","category-entrevistas","tag-accion","tag-action","tag-jun-martinez","tag-painting","tag-pintura","tag-proceso","tag-process","tag-utopia","tag-walter-otero-contemporary-art"],"_links":{"self":[{"href":"https:\/\/humanidades.uprrp.edu\/visiondoble\/wp-json\/wp\/v2\/posts\/2219","targetHints":{"allow":["GET"]}}],"collection":[{"href":"https:\/\/humanidades.uprrp.edu\/visiondoble\/wp-json\/wp\/v2\/posts"}],"about":[{"href":"https:\/\/humanidades.uprrp.edu\/visiondoble\/wp-json\/wp\/v2\/types\/post"}],"author":[{"embeddable":true,"href":"https:\/\/humanidades.uprrp.edu\/visiondoble\/wp-json\/wp\/v2\/users\/124"}],"replies":[{"embeddable":true,"href":"https:\/\/humanidades.uprrp.edu\/visiondoble\/wp-json\/wp\/v2\/comments?post=2219"}],"version-history":[{"count":35,"href":"https:\/\/humanidades.uprrp.edu\/visiondoble\/wp-json\/wp\/v2\/posts\/2219\/revisions"}],"predecessor-version":[{"id":7131,"href":"https:\/\/humanidades.uprrp.edu\/visiondoble\/wp-json\/wp\/v2\/posts\/2219\/revisions\/7131"}],"wp:featuredmedia":[{"embeddable":true,"href":"https:\/\/humanidades.uprrp.edu\/visiondoble\/wp-json\/wp\/v2\/media\/2228"}],"wp:attachment":[{"href":"https:\/\/humanidades.uprrp.edu\/visiondoble\/wp-json\/wp\/v2\/media?parent=2219"}],"wp:term":[{"taxonomy":"category","embeddable":true,"href":"https:\/\/humanidades.uprrp.edu\/visiondoble\/wp-json\/wp\/v2\/categories?post=2219"},{"taxonomy":"post_tag","embeddable":true,"href":"https:\/\/humanidades.uprrp.edu\/visiondoble\/wp-json\/wp\/v2\/tags?post=2219"}],"curies":[{"name":"wp","href":"https:\/\/api.w.org\/{rel}","templated":true}]}}